{"id":169663,"date":"2025-01-20T12:34:02","date_gmt":"2025-01-20T15:34:02","guid":{"rendered":"https:\/\/www.cronicasdeitarantim.com.br\/v1\/?p=169663"},"modified":"2025-01-20T12:34:29","modified_gmt":"2025-01-20T15:34:29","slug":"mundo-china-executa-autor-de-atropelamento-que-deixou-35-mortos","status":"publish","type":"post","link":"https:\/\/www.cronicasdeitarantim.com.br\/v1\/2025\/01\/20\/mundo-china-executa-autor-de-atropelamento-que-deixou-35-mortos\/","title":{"rendered":"Mundo: China executa autor de atropelamento que deixou 35 mortos"},"content":{"rendered":"<div id=\"chunk-2r1j7\">\n<div class=\"mc-column content-text active-extra-styles \" data-block-type=\"unstyled\" data-block-weight=\"22\" data-block-id=\"2\">\n<h4 class=\" content-text__container \" data-track-category=\"Link no Texto\" data-mrf-recirculation=\"Mat\u00e9ria - Links no Texto\">A\u00a0China executou, nesta segunda-feira, 20 de janeiro, o autor de um atropelamento com carro que matou 35 pessoas em novembro numa cidade de nome Zhuhai.<\/h4>\n<div id=\"chunk-aveii\">\n<div class=\"mc-column content-text active-extra-styles \" data-block-type=\"unstyled\" data-block-weight=\"46\" data-block-id=\"5\">\n<h4 class=\" content-text__container \" data-track-category=\"Link no Texto\" data-mrf-recirculation=\"Mat\u00e9ria - Links no Texto\">De acordo com informa\u00e7\u00f5es do governo chin\u00eas, em 11 de novembro de 2024, Fan Weiqiu dirigiu deliberadamente contra uma multid\u00e3o de pessoas que se exercitavam em frente a um complexo esportivo na cidade do sul da China, deixando 35 mortos e 43 feridos. <span class=\"highlight highlighted\">Foi o pior ataque no pa\u00eds em uma d\u00e9cada<\/span>.<\/h4>\n<div class=\"mc-column content-text active-extra-styles \" data-block-type=\"unstyled\" data-block-weight=\"39\" data-block-id=\"6\">\n<h4 class=\" content-text__container \" data-track-category=\"Link no Texto\" data-mrf-recirculation=\"Mat\u00e9ria - Links no Texto\">O homem, de 62 anos, foi preso no local ap\u00f3s ferir a sim mesmo com uma faca.\u00a0O tribunal o condenou \u00e0 morte no final de dezembro por um ato cometido de maneira &#8220;extremamente vil&#8221;, noticiou a m\u00eddia estatal do governo da China.<\/h4>\n<\/div>\n<div id=\"chunk-4if21\">\n<div class=\"content-ads content-ads--reveal\" data-block-type=\"ads\" data-block-id=\"7\">\n<div id=\"banner_materia2\" class=\"tag-manager-publicidade-container mc-has-reveal mc-has-ad-lazyload tag-manager-publicidade-banner_materia2 tag-manager-publicidade-container--carregado tag-manager-publicidade-container--visivel\" data-id=\"banner_materia2\" data-google-query-id=\"CIW_q7HNhIsDFVKIYQYd1o8dLQ\">\n<h4 class=\" content-text__container \" data-track-category=\"Link no Texto\" data-mrf-recirculation=\"Mat\u00e9ria - Links no Texto\">A\u00a0China registrou v\u00e1rios ataques em 2024, de esfaqueamentos a atropelamentos, o que colocou sua reputa\u00e7\u00e3o de seguran\u00e7a p\u00fablica em risco, como informou o g1.<\/h4>\n<div class=\"mc-column content-text active-extra-styles \" data-block-type=\"unstyled\" data-block-weight=\"18\" data-block-id=\"10\">\n<h4 class=\" content-text__container \" data-track-category=\"Link no Texto\" data-mrf-recirculation=\"Mat\u00e9ria - Links no Texto\">Em todos os casos, as autoridades censuraram publica\u00e7\u00f5es online e desmantelaram os memoriais nos locais das trag\u00e9dias.<\/h4>\n<\/div>\n<div id=\"chunk-98fb\">\n<div class=\"mc-column content-text active-extra-styles \" data-block-type=\"unstyled\" data-block-weight=\"35\" data-block-id=\"11\">\n<h4 class=\" content-text__container \" data-track-category=\"Link no Texto\" data-mrf-recirculation=\"Mat\u00e9ria - Links no Texto\">Pequim mant\u00e9m seus n\u00fameros oficiais sobre a pena de morte em segredo de Estado. Mas grupos de direitos humanos, como a Anistia Internacional, estimam que milhares de pessoas s\u00e3o executadas todos os anos no pa\u00eds.<\/h4>\n<\/div>\n<\/div>\n<div id=\"chunk-drk4q\">\n<div class=\"block-podcast\"><\/div>\n<\/div>\n<\/div>\n<\/div>\n<\/div>\n<\/div>\n<\/div>\n<div id=\"chunk-9esmj\">\n<div class=\"mc-column content-text active-extra-styles \" data-block-type=\"unstyled\" data-block-weight=\"39\" data-block-id=\"6\"><\/div>\n<\/div>\n<\/div>\n<\/div>\n<div class=\"wall protected-content\">\n<div id=\"chunk-dqcr3\">\n<div class=\"mc-column content-text active-extra-styles\" data-block-type=\"raw\" data-block-weight=\"24\" data-block-id=\"4\">\n<p class=\"content-text__container\" data-mrf-recirculation=\"Mat\u00e9ria - Links no Texto\">\n<\/div>\n<\/div>\n<\/div>\n","protected":false},"excerpt":{"rendered":"<p>A\u00a0China executou, nesta segunda-feira, 20 de janeiro, o autor de um atropelamento com carro que matou 35 pessoas em novembro numa cidade de nome Zhuhai. De acordo com informa\u00e7\u00f5es do governo chin\u00eas, em 11 de novembro de 2024, Fan Weiqiu dirigiu deliberadamente contra uma multid\u00e3o de pessoas que se exercitavam em frente a um complexo esportivo na cidade do sul da China, deixando 35 mortos e 43 feridos. Foi o pior ataque no pa\u00eds em uma d\u00e9cada. O homem, de 62 anos, foi preso no local ap\u00f3s ferir a sim mesmo com uma faca.\u00a0O tribunal o condenou \u00e0 morte no [&hellip;]<\/p>\n","protected":false},"author":4,"featured_media":169664,"comment_status":"open","ping_status":"open","sticky":false,"template":"","format":"standard","meta":[],"categories":[1261],"tags":[3171,1780,3274,456],"_links":{"self":[{"href":"https:\/\/www.cronicasdeitarantim.com.br\/v1\/wp-json\/wp\/v2\/posts\/169663"}],"collection":[{"href":"https:\/\/www.cronicasdeitarantim.com.br\/v1\/wp-json\/wp\/v2\/posts"}],"about":[{"href":"https:\/\/www.cronicasdeitarantim.com.br\/v1\/wp-json\/wp\/v2\/types\/post"}],"author":[{"embeddable":true,"href":"https:\/\/www.cronicasdeitarantim.com.br\/v1\/wp-json\/wp\/v2\/users\/4"}],"replies":[{"embeddable":true,"href":"https:\/\/www.cronicasdeitarantim.com.br\/v1\/wp-json\/wp\/v2\/comments?post=169663"}],"version-history":[{"count":3,"href":"https:\/\/www.cronicasdeitarantim.com.br\/v1\/wp-json\/wp\/v2\/posts\/169663\/revisions"}],"predecessor-version":[{"id":169667,"href":"https:\/\/www.cronicasdeitarantim.com.br\/v1\/wp-json\/wp\/v2\/posts\/169663\/revisions\/169667"}],"wp:featuredmedia":[{"embeddable":true,"href":"https:\/\/www.cronicasdeitarantim.com.br\/v1\/wp-json\/wp\/v2\/media\/169664"}],"wp:attachment":[{"href":"https:\/\/www.cronicasdeitarantim.com.br\/v1\/wp-json\/wp\/v2\/media?parent=169663"}],"wp:term":[{"taxonomy":"category","embeddable":true,"href":"https:\/\/www.cronicasdeitarantim.com.br\/v1\/wp-json\/wp\/v2\/categories?post=169663"},{"taxonomy":"post_tag","embeddable":true,"href":"https:\/\/www.cronicasdeitarantim.com.br\/v1\/wp-json\/wp\/v2\/tags?post=169663"}],"curies":[{"name":"wp","href":"https:\/\/api.w.org\/{rel}","templated":true}]}}