{"id":169617,"date":"2025-01-18T19:24:11","date_gmt":"2025-01-18T22:24:11","guid":{"rendered":"https:\/\/www.cronicasdeitarantim.com.br\/v1\/?p=169617"},"modified":"2025-01-18T19:24:11","modified_gmt":"2025-01-18T22:24:11","slug":"governo-do-estado-monitora-cheias-do-rio-jequitinhonha-e-reforca-apoio-as-populacoes-ribeirinhas","status":"publish","type":"post","link":"https:\/\/www.cronicasdeitarantim.com.br\/v1\/2025\/01\/18\/governo-do-estado-monitora-cheias-do-rio-jequitinhonha-e-reforca-apoio-as-populacoes-ribeirinhas\/","title":{"rendered":"Governo do Estado monitora cheias do rio Jequitinhonha e refor\u00e7a apoio \u00e0s popula\u00e7\u00f5es ribeirinhas"},"content":{"rendered":"<p>A Defesa Civil da Bahia (Sudec) e toda a estrutura do Governo do Estado seguem alertas em rela\u00e7\u00e3o \u00e0s consequ\u00eancias das fortes chuvas que atingiram o estado e estados vizinhos. De acordo com o \u00f3rg\u00e3o, o ponto de aten\u00e7\u00e3o neste momento \u00e9 a necessidade da Usina Hidrel\u00e9trica de Itapebi dar vaz\u00e3o \u00e0s \u00e1guas acumuladas pelas chuvas.<\/p>\n<p>\u201cPor meio da Sudec, o Governo do Estado est\u00e1 monitorando as condi\u00e7\u00f5es do rio Jequitinhonha nas regi\u00f5es de Itapebi, Itarantim, Itagimirim e Salto da Divisa, devido ao aumento significativo da vaz\u00e3o provocado pelas chuvas intensas dos \u00faltimos dias\u201d, declarou o superintendente da Sudec, Heber Santana.<\/p>\n<p>Heber Santana explicou que o cuidado \u00e9 necess\u00e1rio, uma vez que a concession\u00e1ria de energia el\u00e9trica Neoenergia informou que a Usina Hidrel\u00e9trica Itapebi, operando \u201ca fio d\u2019\u00e1gua\u201d, abriu as comportas do vertedouro devido \u00e0 vaz\u00e3o afluente superior a 1.200 m\u00b3\/s, podendo chegar a 2.000 m\u00b3\/s nos pr\u00f3ximos dias. A empresa alertou que esse volume pode causar inunda\u00e7\u00f5es naturais nas \u00e1reas \u00e0s margens do rio, e as defesas civis municipais j\u00e1 foram comunicadas.<\/p>\n<p>A Sudec possui um plano de conting\u00eancia estabelecido pela usina e pelas defesas civis municipais, com rotas de fuga e locais de abrigo para as pessoas que precisarem deixar suas casas. \u201cPedimos tamb\u00e9m que os navegantes do rio Jequitinhonha respeitem a eleva\u00e7\u00e3o do n\u00edvel do rio, para evitar maiores problemas tanto para si pr\u00f3prios quanto para suas fam\u00edlias. A obedi\u00eancia \u00e0s orienta\u00e7\u00f5es dos agentes da Defesa Civil, Corpo de Bombeiros e da usina hidrel\u00e9trica \u00e9 fundamental para preservar vidas\u201d, completou o superintendente.<\/p>\n<p>Ainda de acordo com o superintendente, a Sudec continua monitorando a situa\u00e7\u00e3o e est\u00e1 pronta para agir imediatamente, caso necess\u00e1rio, coordenando o apoio \u00e0s popula\u00e7\u00f5es ribeirinhas e \u00e0s prefeituras locais para minimizar os impactos das cheias. Ainda assim, o Governo do Estado refor\u00e7a a import\u00e2ncia de que os moradores das \u00e1reas afetadas fiquem atentos \u00e0s orienta\u00e7\u00f5es das autoridades locais e das defesas civis municipais para garantir\u00a0a\u00a0seguran\u00e7a.<\/p>\n","protected":false},"excerpt":{"rendered":"<p>A Defesa Civil da Bahia (Sudec) e toda a estrutura do Governo do Estado seguem alertas em rela\u00e7\u00e3o \u00e0s consequ\u00eancias das fortes chuvas que atingiram o estado e estados vizinhos. De acordo com o \u00f3rg\u00e3o, o ponto de aten\u00e7\u00e3o neste momento \u00e9 a necessidade da Usina Hidrel\u00e9trica de Itapebi dar vaz\u00e3o \u00e0s \u00e1guas acumuladas pelas chuvas. \u201cPor meio da Sudec, o Governo do Estado est\u00e1 monitorando as condi\u00e7\u00f5es do rio Jequitinhonha nas regi\u00f5es de Itapebi, Itarantim, Itagimirim e Salto da Divisa, devido ao aumento significativo da vaz\u00e3o provocado pelas chuvas intensas dos \u00faltimos dias\u201d, declarou o superintendente da Sudec, Heber [&hellip;]<\/p>\n","protected":false},"author":4,"featured_media":169618,"comment_status":"open","ping_status":"open","sticky":false,"template":"","format":"standard","meta":[],"categories":[1],"tags":[519,1780,3271,427,964],"_links":{"self":[{"href":"https:\/\/www.cronicasdeitarantim.com.br\/v1\/wp-json\/wp\/v2\/posts\/169617"}],"collection":[{"href":"https:\/\/www.cronicasdeitarantim.com.br\/v1\/wp-json\/wp\/v2\/posts"}],"about":[{"href":"https:\/\/www.cronicasdeitarantim.com.br\/v1\/wp-json\/wp\/v2\/types\/post"}],"author":[{"embeddable":true,"href":"https:\/\/www.cronicasdeitarantim.com.br\/v1\/wp-json\/wp\/v2\/users\/4"}],"replies":[{"embeddable":true,"href":"https:\/\/www.cronicasdeitarantim.com.br\/v1\/wp-json\/wp\/v2\/comments?post=169617"}],"version-history":[{"count":1,"href":"https:\/\/www.cronicasdeitarantim.com.br\/v1\/wp-json\/wp\/v2\/posts\/169617\/revisions"}],"predecessor-version":[{"id":169619,"href":"https:\/\/www.cronicasdeitarantim.com.br\/v1\/wp-json\/wp\/v2\/posts\/169617\/revisions\/169619"}],"wp:featuredmedia":[{"embeddable":true,"href":"https:\/\/www.cronicasdeitarantim.com.br\/v1\/wp-json\/wp\/v2\/media\/169618"}],"wp:attachment":[{"href":"https:\/\/www.cronicasdeitarantim.com.br\/v1\/wp-json\/wp\/v2\/media?parent=169617"}],"wp:term":[{"taxonomy":"category","embeddable":true,"href":"https:\/\/www.cronicasdeitarantim.com.br\/v1\/wp-json\/wp\/v2\/categories?post=169617"},{"taxonomy":"post_tag","embeddable":true,"href":"https:\/\/www.cronicasdeitarantim.com.br\/v1\/wp-json\/wp\/v2\/tags?post=169617"}],"curies":[{"name":"wp","href":"https:\/\/api.w.org\/{rel}","templated":true}]}}