{"id":169562,"date":"2025-01-14T10:38:43","date_gmt":"2025-01-14T13:38:43","guid":{"rendered":"https:\/\/www.cronicasdeitarantim.com.br\/v1\/?p=169562"},"modified":"2025-01-14T10:38:43","modified_gmt":"2025-01-14T13:38:43","slug":"tragedia-em-cidade-mineira-deixa-11-mortos-e-mais-de-80-mil-pessoas-afetadas","status":"publish","type":"post","link":"https:\/\/www.cronicasdeitarantim.com.br\/v1\/2025\/01\/14\/tragedia-em-cidade-mineira-deixa-11-mortos-e-mais-de-80-mil-pessoas-afetadas\/","title":{"rendered":"Trag\u00e9dia em cidade mineira deixa 11 mortos e mais de 80 mil pessoas afetadas"},"content":{"rendered":"<div class=\"styles__Body-sc-1ffquwr-7 ePhtZb\">\n<h4>A cidade de Ipatinga, em Minas Gerais, sofreu com fortes chuvas \u00a0que causaram grandes perdas e danos na madrugada do domingo (12). Segundo a Defesa Civil, cerca de 85 mil pessoas foram afetadas, com 11 mortes e uma alta quantidade de desalojados e desabrigados.<\/h4>\n<h4>O chefe do gabinete Militar do Governador (GMG), coronel Paulo Roberto Bermudes Rezende, alertou para o risco de novos incidentes devido ao solo saturado. Estima-se que 150 pessoas ficaram desalojadas e 67 fam\u00edlias desabrigadas. Cerca de 500 pessoas e mais de 80 equipamentos trabalham na opera\u00e7\u00e3o.<\/h4>\n<h4>Al\u00e9m das mortes, as inunda\u00e7\u00f5es causaram danos em resid\u00eancias, com\u00e9rcios e equipamentos p\u00fablicos. A chuva, com precipita\u00e7\u00e3o de 80 mm em menos de uma hora, provocou alagamentos, transbordamentos e deslizamentos. A Prefeitura de Ipatinga decretou estado de emerg\u00eancia por 180 dias.<\/h4>\n<\/div>\n","protected":false},"excerpt":{"rendered":"<p>A cidade de Ipatinga, em Minas Gerais, sofreu com fortes chuvas \u00a0que causaram grandes perdas e danos na madrugada do domingo (12). Segundo a Defesa Civil, cerca de 85 mil pessoas foram afetadas, com 11 mortes e uma alta quantidade de desalojados e desabrigados. O chefe do gabinete Militar do Governador (GMG), coronel Paulo Roberto Bermudes Rezende, alertou para o risco de novos incidentes devido ao solo saturado. Estima-se que 150 pessoas ficaram desalojadas e 67 fam\u00edlias desabrigadas. Cerca de 500 pessoas e mais de 80 equipamentos trabalham na opera\u00e7\u00e3o. Al\u00e9m das mortes, as inunda\u00e7\u00f5es causaram danos em resid\u00eancias, com\u00e9rcios [&hellip;]<\/p>\n","protected":false},"author":4,"featured_media":169563,"comment_status":"open","ping_status":"open","sticky":false,"template":"","format":"standard","meta":[],"categories":[1],"tags":[433,519,1780,629,1966],"_links":{"self":[{"href":"https:\/\/www.cronicasdeitarantim.com.br\/v1\/wp-json\/wp\/v2\/posts\/169562"}],"collection":[{"href":"https:\/\/www.cronicasdeitarantim.com.br\/v1\/wp-json\/wp\/v2\/posts"}],"about":[{"href":"https:\/\/www.cronicasdeitarantim.com.br\/v1\/wp-json\/wp\/v2\/types\/post"}],"author":[{"embeddable":true,"href":"https:\/\/www.cronicasdeitarantim.com.br\/v1\/wp-json\/wp\/v2\/users\/4"}],"replies":[{"embeddable":true,"href":"https:\/\/www.cronicasdeitarantim.com.br\/v1\/wp-json\/wp\/v2\/comments?post=169562"}],"version-history":[{"count":1,"href":"https:\/\/www.cronicasdeitarantim.com.br\/v1\/wp-json\/wp\/v2\/posts\/169562\/revisions"}],"predecessor-version":[{"id":169564,"href":"https:\/\/www.cronicasdeitarantim.com.br\/v1\/wp-json\/wp\/v2\/posts\/169562\/revisions\/169564"}],"wp:featuredmedia":[{"embeddable":true,"href":"https:\/\/www.cronicasdeitarantim.com.br\/v1\/wp-json\/wp\/v2\/media\/169563"}],"wp:attachment":[{"href":"https:\/\/www.cronicasdeitarantim.com.br\/v1\/wp-json\/wp\/v2\/media?parent=169562"}],"wp:term":[{"taxonomy":"category","embeddable":true,"href":"https:\/\/www.cronicasdeitarantim.com.br\/v1\/wp-json\/wp\/v2\/categories?post=169562"},{"taxonomy":"post_tag","embeddable":true,"href":"https:\/\/www.cronicasdeitarantim.com.br\/v1\/wp-json\/wp\/v2\/tags?post=169562"}],"curies":[{"name":"wp","href":"https:\/\/api.w.org\/{rel}","templated":true}]}}