{"id":169554,"date":"2025-01-13T16:46:29","date_gmt":"2025-01-13T19:46:29","guid":{"rendered":"https:\/\/www.cronicasdeitarantim.com.br\/v1\/?p=169554"},"modified":"2025-01-13T16:46:29","modified_gmt":"2025-01-13T19:46:29","slug":"justica-determina-a-regularizacao-do-sistema-municipal-de-meio-ambiente-do-municipio-de-encruzilhada-a-pedido-do-mpba","status":"publish","type":"post","link":"https:\/\/www.cronicasdeitarantim.com.br\/v1\/2025\/01\/13\/justica-determina-a-regularizacao-do-sistema-municipal-de-meio-ambiente-do-municipio-de-encruzilhada-a-pedido-do-mpba\/","title":{"rendered":"Justi\u00e7a determina a regulariza\u00e7\u00e3o do Sistema Municipal de Meio Ambiente do Munic\u00edpio de Encruzilhada a pedido do MPBA"},"content":{"rendered":"<h4 class=\"rtejustify\">A pedido do Minist\u00e9rio P\u00fablico do Estado da Bahia, a Justi\u00e7a condenou o Munic\u00edpio de Encruzilhada a regularizar seu Sistema Municipal de Meio Ambiente (SISMUMA), no prazo de dois anos. A decis\u00e3o atende a um pedido formulado em a\u00e7\u00e3o civil p\u00fablica que foi ajuizada pela promotora de Justi\u00e7a Regional Ambiental Karina Gomes Cherubini, ap\u00f3s o descumprimento de ajustamento de conduta firmado em 2018 entre o MPBA e o munic\u00edpio.<\/h4>\n<h4 class=\"rtejustify\">Segundo a promotora de Justi\u00e7a Karina Gomes Cherubini, em 1\u00ba de agosto de 2018, o Munic\u00edpio de Encruzilhada comprometeu-se, por meio do Termo de Ajustamento de Conduta (TAC), a adequar suas a\u00e7\u00f5es aos par\u00e2metros legais, especialmente no que diz respeito \u00e0 regulariza\u00e7\u00e3o do SISMUMA. O compromisso inclu\u00eda a cria\u00e7\u00e3o de um \u00f3rg\u00e3o ambiental capacitado para executar a\u00e7\u00f5es administrativas e a forma\u00e7\u00e3o de um conselho municipal de meio ambiente, dentre outros.<\/h4>\n<h4 class=\"rtejustify\">Apesar da homologa\u00e7\u00e3o judicial do TAC, as obriga\u00e7\u00f5es assumidas n\u00e3o foram integralmente cumpridas. \u201cO munic\u00edpio, al\u00e9m de n\u00e3o apresentar justificativas para o descumprimento, passou a realizar licenciamento ambiental de obras e servi\u00e7os, mesmo sem corpo t\u00e9cnico adequado\u201d, destacou a promotora de Justi\u00e7a Karina Cherubini. Na decis\u00e3o, o ju\u00edz Pedro Halley Maux Lopes determinou que o munic\u00edpio de Encruzilhada regularize o Sistema Municipal de Meio Ambiente no prazo de dois anos, mediante revis\u00e3o e adequa\u00e7\u00e3o da Lei da Pol\u00edtica Municipal do Meio Ambiente, estrutura\u00e7\u00e3o do \u00f3rg\u00e3o ambiental com equipe t\u00e9cnica pr\u00f3pria e implementa\u00e7\u00e3o e funcionamento regular do Conselho Municipal de Meio Ambiente. Al\u00e9m disso, a decis\u00e3o proibiu o munic\u00edpio de realizar atividades de licenciamento ou autoriza\u00e7\u00e3o ambiental, em qualquer n\u00edvel de complexidade, at\u00e9 que a regulariza\u00e7\u00e3o do SISMUMA seja comprovada judicialmente.<\/h4>\n","protected":false},"excerpt":{"rendered":"<p>A pedido do Minist\u00e9rio P\u00fablico do Estado da Bahia, a Justi\u00e7a condenou o Munic\u00edpio de Encruzilhada a regularizar seu Sistema Municipal de Meio Ambiente (SISMUMA), no prazo de dois anos. A decis\u00e3o atende a um pedido formulado em a\u00e7\u00e3o civil p\u00fablica que foi ajuizada pela promotora de Justi\u00e7a Regional Ambiental Karina Gomes Cherubini, ap\u00f3s o descumprimento de ajustamento de conduta firmado em 2018 entre o MPBA e o munic\u00edpio. Segundo a promotora de Justi\u00e7a Karina Gomes Cherubini, em 1\u00ba de agosto de 2018, o Munic\u00edpio de Encruzilhada comprometeu-se, por meio do Termo de Ajustamento de Conduta (TAC), a adequar suas [&hellip;]<\/p>\n","protected":false},"author":4,"featured_media":169555,"comment_status":"open","ping_status":"open","sticky":false,"template":"","format":"standard","meta":[],"categories":[362],"tags":[76,1780,1307,497,198],"_links":{"self":[{"href":"https:\/\/www.cronicasdeitarantim.com.br\/v1\/wp-json\/wp\/v2\/posts\/169554"}],"collection":[{"href":"https:\/\/www.cronicasdeitarantim.com.br\/v1\/wp-json\/wp\/v2\/posts"}],"about":[{"href":"https:\/\/www.cronicasdeitarantim.com.br\/v1\/wp-json\/wp\/v2\/types\/post"}],"author":[{"embeddable":true,"href":"https:\/\/www.cronicasdeitarantim.com.br\/v1\/wp-json\/wp\/v2\/users\/4"}],"replies":[{"embeddable":true,"href":"https:\/\/www.cronicasdeitarantim.com.br\/v1\/wp-json\/wp\/v2\/comments?post=169554"}],"version-history":[{"count":1,"href":"https:\/\/www.cronicasdeitarantim.com.br\/v1\/wp-json\/wp\/v2\/posts\/169554\/revisions"}],"predecessor-version":[{"id":169556,"href":"https:\/\/www.cronicasdeitarantim.com.br\/v1\/wp-json\/wp\/v2\/posts\/169554\/revisions\/169556"}],"wp:featuredmedia":[{"embeddable":true,"href":"https:\/\/www.cronicasdeitarantim.com.br\/v1\/wp-json\/wp\/v2\/media\/169555"}],"wp:attachment":[{"href":"https:\/\/www.cronicasdeitarantim.com.br\/v1\/wp-json\/wp\/v2\/media?parent=169554"}],"wp:term":[{"taxonomy":"category","embeddable":true,"href":"https:\/\/www.cronicasdeitarantim.com.br\/v1\/wp-json\/wp\/v2\/categories?post=169554"},{"taxonomy":"post_tag","embeddable":true,"href":"https:\/\/www.cronicasdeitarantim.com.br\/v1\/wp-json\/wp\/v2\/tags?post=169554"}],"curies":[{"name":"wp","href":"https:\/\/api.w.org\/{rel}","templated":true}]}}