{"id":169501,"date":"2025-01-10T18:43:21","date_gmt":"2025-01-10T21:43:21","guid":{"rendered":"https:\/\/www.cronicasdeitarantim.com.br\/v1\/?p=169501"},"modified":"2025-01-10T18:55:17","modified_gmt":"2025-01-10T21:55:17","slug":"a-coluna-fogo-no-parquinho-traz-as-trapalhadas-da-prefeita-de-maiquinique-na-politica-da-regiao","status":"publish","type":"post","link":"https:\/\/www.cronicasdeitarantim.com.br\/v1\/2025\/01\/10\/a-coluna-fogo-no-parquinho-traz-as-trapalhadas-da-prefeita-de-maiquinique-na-politica-da-regiao\/","title":{"rendered":"A coluna &#8220;Fogo no Parquinho&#8221; traz as trapalhadas da prefeita de Maiquinique na pol\u00edtica da regi\u00e3o."},"content":{"rendered":"<p>A Coluna &#8220;Fogo no Parquinho&#8221; que est\u00e1 de volta em mais uma edi\u00e7\u00e3o no ano de 2025, agora todas as sextas-feiras, traz um relato da pol\u00edtica na vizinha cidade de Maiquinique, por aquelas bandas no \u00faltimo dia primeiro de janeiro foi um verdadeiro &#8220;Deus nos acuda&#8221; e um &#8220;circo armado&#8221; com as trapalhadas da prefeita do munic\u00edpio, Val\u00e9ria Silveira, do Partido Verde, que protagonizou um verdadeiro &#8220;palco pol\u00edtico&#8221; que transformou o espa\u00e7o do legislativo num verdadeiro &#8220;boteco de esquina&#8221;.<\/p>\n<p><strong>&#8220;Fogo no Parquinho&#8221;, os fatos.\u00a0<\/strong><\/p>\n<p>Se pol\u00edtica fosse novela, Maiquinique seria o cen\u00e1rio perfeito para o roteiro de um dramalh\u00e3o mexicano. O ano de 2025 mal come\u00e7ou, mas a prefeita Val\u00e9ria Silveira e sua trupe j\u00e1 garantiram o entretenimento da cidade com um show de trapalhadas digno de um festival de com\u00e9dia. A elei\u00e7\u00e3o para a presid\u00eancia da C\u00e2mara Municipal, realizada no fat\u00eddico 1\u00ba de janeiro, transformou-se em um campo de guerra, com direito a alian\u00e7as quebradas, promessas descumpridas e, claro, a famosa &#8220;faca nas costas&#8221; que \u00e9 a marca registrada da pol\u00edtica local, pelo que vemos.<\/p>\n<p><a href=\"https:\/\/www.cronicasdeitarantim.com.br\/v1\/wp-content\/uploads\/2025\/01\/473078487_2093811037702800_4328814098136392827_n.jpg\"><img decoding=\"async\" loading=\"lazy\" class=\"wp-image-169506 alignleft\" src=\"https:\/\/www.cronicasdeitarantim.com.br\/v1\/wp-content\/uploads\/2025\/01\/473078487_2093811037702800_4328814098136392827_n.jpg\" alt=\"\" width=\"157\" height=\"236\" srcset=\"https:\/\/www.cronicasdeitarantim.com.br\/v1\/wp-content\/uploads\/2025\/01\/473078487_2093811037702800_4328814098136392827_n.jpg 526w, https:\/\/www.cronicasdeitarantim.com.br\/v1\/wp-content\/uploads\/2025\/01\/473078487_2093811037702800_4328814098136392827_n-200x300.jpg 200w, https:\/\/www.cronicasdeitarantim.com.br\/v1\/wp-content\/uploads\/2025\/01\/473078487_2093811037702800_4328814098136392827_n-400x600.jpg 400w\" sizes=\"(max-width: 157px) 100vw, 157px\" \/><\/a><\/p>\n<p><strong>Ezequiel, o Indigesto<\/strong><\/p>\n<p>Val\u00e9ria come\u00e7ou o ano determinada a empurrar goela abaixo da C\u00e2mara e da cidade o nome do vereador Ezequiel, que, convenhamos, tem rejei\u00e7\u00e3o suficiente para ser confundido com o vil\u00e3o de uma novela das nove. Mas, como quem estica demais a corda sempre acaba arrebentando, a prefeita conseguiu algo ainda mais impressionante: rachar seu grupo pol\u00edtico ao meio. Resultado? Sem for\u00e7as para emplacar o pupilo Ezequiel, Val\u00e9ria decidiu cometer o ato pol\u00edtico equivalente a queimar a pr\u00f3pria casa para espantar as baratas: entregou a presid\u00eancia da C\u00e2mara ao opositor Danilo Mendon\u00e7a. Isso mesmo, preferiu fortalecer o &#8220;inimigo&#8221; do que apoiar sua aliada daquele momento, a vereadora Silvani Santana, o que deixou um gosto amargo em sua base.<\/p>\n<p>Agora, Silvani e Juliano Silveira, que j\u00e1 foi l\u00edder do governo, olham para Val\u00e9ria com a mesma confian\u00e7a que algu\u00e9m teria em uma cadeira de pl\u00e1stico prestes a quebrar. A insatisfa\u00e7\u00e3o \u00e9 t\u00e3o palp\u00e1vel que j\u00e1 se especula que a teimosia da prefeita pode ser o estopim de sua queda pol\u00edtica.<\/p>\n<p><a href=\"https:\/\/www.cronicasdeitarantim.com.br\/v1\/wp-content\/uploads\/2025\/01\/Imagem-do-WhatsApp-de-2025-01-09-as-20.02.31_e1b99f00.jpg\"><img decoding=\"async\" loading=\"lazy\" class=\"wp-image-169507 alignleft\" src=\"https:\/\/www.cronicasdeitarantim.com.br\/v1\/wp-content\/uploads\/2025\/01\/Imagem-do-WhatsApp-de-2025-01-09-as-20.02.31_e1b99f00.jpg\" alt=\"\" width=\"210\" height=\"154\" srcset=\"https:\/\/www.cronicasdeitarantim.com.br\/v1\/wp-content\/uploads\/2025\/01\/Imagem-do-WhatsApp-de-2025-01-09-as-20.02.31_e1b99f00.jpg 492w, https:\/\/www.cronicasdeitarantim.com.br\/v1\/wp-content\/uploads\/2025\/01\/Imagem-do-WhatsApp-de-2025-01-09-as-20.02.31_e1b99f00-300x220.jpg 300w, https:\/\/www.cronicasdeitarantim.com.br\/v1\/wp-content\/uploads\/2025\/01\/Imagem-do-WhatsApp-de-2025-01-09-as-20.02.31_e1b99f00-400x293.jpg 400w\" sizes=\"(max-width: 210px) 100vw, 210px\" \/><\/a><\/p>\n<p><strong>O Prefeito de Fato: Charles Moreira<\/strong><\/p>\n<p>&nbsp;<\/p>\n<p>Mas espere, o show de horrores n\u00e3o termina a\u00ed. Entra em cena Charles Moreira, marido de Val\u00e9ria e, ao que tudo indica e que comenta na cidade, o verdadeiro chefe do Executivo municipal, ali\u00e1s, ele, Charles, recentemente foi nomeado para um cargo na Prefeitura, nem precisava&#8230;<\/p>\n<p>Enquanto Val\u00e9ria \u00e9 a prefeita no papel, diplomada e empossada, Charles \u00e9 quem d\u00e1 as ordens, com a sutileza de um elefante em uma loja de cristais. Foi ele quem tentou usar a Secretaria de Meio Ambiente como moeda de troca na elei\u00e7\u00e3o da C\u00e2mara, prometendo o cargo ao marido de Silvani em troca do apoio. Quando Silvani, com a dignidade que ainda lhe resta na pol\u00edtica local, recusou a proposta indecorosa, Charles resolveu improvisar e ofereceu a secretaria ao Diretor de Cultura, Jozivaldo, o popular J\u00f4.<\/p>\n<p><a href=\"https:\/\/www.cronicasdeitarantim.com.br\/v1\/wp-content\/uploads\/2025\/01\/473077970_2093806557703248_2546122821604532979_n.jpg\"><img decoding=\"async\" loading=\"lazy\" class=\"wp-image-169508 alignleft\" src=\"https:\/\/www.cronicasdeitarantim.com.br\/v1\/wp-content\/uploads\/2025\/01\/473077970_2093806557703248_2546122821604532979_n.jpg\" alt=\"\" width=\"216\" height=\"144\" srcset=\"https:\/\/www.cronicasdeitarantim.com.br\/v1\/wp-content\/uploads\/2025\/01\/473077970_2093806557703248_2546122821604532979_n.jpg 730w, https:\/\/www.cronicasdeitarantim.com.br\/v1\/wp-content\/uploads\/2025\/01\/473077970_2093806557703248_2546122821604532979_n-300x200.jpg 300w, https:\/\/www.cronicasdeitarantim.com.br\/v1\/wp-content\/uploads\/2025\/01\/473077970_2093806557703248_2546122821604532979_n-400x267.jpg 400w\" sizes=\"(max-width: 216px) 100vw, 216px\" \/><\/a><\/p>\n<p><strong>Choros e Trapalhadas<\/strong><\/p>\n<p>E \u00e9 aqui que a com\u00e9dia vira trag\u00e9dia. Minutos depois de J\u00f4 aceitar o cargo, Val\u00e9ria liga chorando para o diretor, implorando que ele desistisse. O motivo? O indigesto Ezequiel, derrotado na C\u00e2mara, agora exigia o cargo como pr\u00eamio de consola\u00e7\u00e3o. Sob press\u00e3o \u2013 e, dizem as m\u00e1s l\u00ednguas por l\u00e1, coa\u00e7\u00e3o \u2013 Val\u00e9ria cedeu. J\u00f4, mais uma vez, foi descartado como um guarda-chuva quebrado em dia de tempestade.<\/p>\n<p>Vale lembrar que esta n\u00e3o \u00e9 a primeira vez que J\u00f4 \u00e9 passado para tr\u00e1s. Nas campanhas, ele sempre foi o fiel escudeiro de Val\u00e9ria, mas quando o assunto \u00e9 recompensa, parece que a prefeita sofre de amn\u00e9sia seletiva.<\/p>\n<p><a href=\"https:\/\/www.cronicasdeitarantim.com.br\/v1\/wp-content\/uploads\/2025\/01\/473222705_2093805941036643_3218361816876493945_n.jpg\"><img decoding=\"async\" loading=\"lazy\" class=\"wp-image-169509 alignleft\" src=\"https:\/\/www.cronicasdeitarantim.com.br\/v1\/wp-content\/uploads\/2025\/01\/473222705_2093805941036643_3218361816876493945_n.jpg\" alt=\"\" width=\"236\" height=\"157\" srcset=\"https:\/\/www.cronicasdeitarantim.com.br\/v1\/wp-content\/uploads\/2025\/01\/473222705_2093805941036643_3218361816876493945_n.jpg 730w, https:\/\/www.cronicasdeitarantim.com.br\/v1\/wp-content\/uploads\/2025\/01\/473222705_2093805941036643_3218361816876493945_n-300x200.jpg 300w, https:\/\/www.cronicasdeitarantim.com.br\/v1\/wp-content\/uploads\/2025\/01\/473222705_2093805941036643_3218361816876493945_n-400x267.jpg 400w\" sizes=\"(max-width: 236px) 100vw, 236px\" \/><\/a><\/p>\n<p><strong>Rachaduras e Oposi\u00e7\u00e3o<\/strong><\/p>\n<p>A prefeita come\u00e7a 2025 atolada em d\u00edvidas, liderando um governo que j\u00e1 n\u00e3o convence nem os mais ing\u00eanuos e enfrentando uma crise pol\u00edtica sem precedentes. Com apenas uma semana de 2025, Val\u00e9ria j\u00e1 conseguiu algo impressionante: afundar ainda mais sua gest\u00e3o em uma crise de credibilidade. Sua base est\u00e1 rachada, a oposi\u00e7\u00e3o est\u00e1 rindo \u00e0 toa, e a cidade come\u00e7a a se perguntar se o discurso de uni\u00e3o e desenvolvimento que elegeu Val\u00e9ria n\u00e3o era apenas um golpe publicit\u00e1rio bem elaborado. Como dizem por l\u00e1, por alguns; &#8220;M\u00e3e Lelinha&#8221;.<\/p>\n<p>A oposi\u00e7\u00e3o, vendo a fragilidade, come\u00e7a a se organizar, enquanto isso o povo de Maiquinique assiste de camarote, torcendo para que, no meio desse caos, pelo menos alguma coisa boa saia dessa confus\u00e3o. At\u00e9 l\u00e1, a prefeita e seu marido v\u00e3o precisar de muito mais do que choro e promessas vazias para salvar o barco que j\u00e1 est\u00e1 \u00e0 deriva.<\/p>\n<p>Por enquanto, Val\u00e9ria Silveira tem garantido apenas uma coisa: material de sobra para as rodas de conversa, memes e, quem sabe, um livro de com\u00e9dia pol\u00edtica. Algu\u00e9m passa\u00a0a\u00a0pipoca?<\/p>\n","protected":false},"excerpt":{"rendered":"<p>A Coluna &#8220;Fogo no Parquinho&#8221; que est\u00e1 de volta em mais uma edi\u00e7\u00e3o no ano de 2025, agora todas as sextas-feiras, traz um relato da pol\u00edtica na vizinha cidade de Maiquinique, por aquelas bandas no \u00faltimo dia primeiro de janeiro foi um verdadeiro &#8220;Deus nos acuda&#8221; e um &#8220;circo armado&#8221; com as trapalhadas da prefeita do munic\u00edpio, Val\u00e9ria Silveira, do Partido Verde, que protagonizou um verdadeiro &#8220;palco pol\u00edtico&#8221; que transformou o espa\u00e7o do legislativo num verdadeiro &#8220;boteco de esquina&#8221;. &#8220;Fogo no Parquinho&#8221;, os fatos.\u00a0 Se pol\u00edtica fosse novela, Maiquinique seria o cen\u00e1rio perfeito para o roteiro de um dramalh\u00e3o mexicano. [&hellip;]<\/p>\n","protected":false},"author":4,"featured_media":169502,"comment_status":"open","ping_status":"open","sticky":false,"template":"","format":"standard","meta":[],"categories":[308],"tags":[488,1780,2671,392,2546],"_links":{"self":[{"href":"https:\/\/www.cronicasdeitarantim.com.br\/v1\/wp-json\/wp\/v2\/posts\/169501"}],"collection":[{"href":"https:\/\/www.cronicasdeitarantim.com.br\/v1\/wp-json\/wp\/v2\/posts"}],"about":[{"href":"https:\/\/www.cronicasdeitarantim.com.br\/v1\/wp-json\/wp\/v2\/types\/post"}],"author":[{"embeddable":true,"href":"https:\/\/www.cronicasdeitarantim.com.br\/v1\/wp-json\/wp\/v2\/users\/4"}],"replies":[{"embeddable":true,"href":"https:\/\/www.cronicasdeitarantim.com.br\/v1\/wp-json\/wp\/v2\/comments?post=169501"}],"version-history":[{"count":3,"href":"https:\/\/www.cronicasdeitarantim.com.br\/v1\/wp-json\/wp\/v2\/posts\/169501\/revisions"}],"predecessor-version":[{"id":169510,"href":"https:\/\/www.cronicasdeitarantim.com.br\/v1\/wp-json\/wp\/v2\/posts\/169501\/revisions\/169510"}],"wp:featuredmedia":[{"embeddable":true,"href":"https:\/\/www.cronicasdeitarantim.com.br\/v1\/wp-json\/wp\/v2\/media\/169502"}],"wp:attachment":[{"href":"https:\/\/www.cronicasdeitarantim.com.br\/v1\/wp-json\/wp\/v2\/media?parent=169501"}],"wp:term":[{"taxonomy":"category","embeddable":true,"href":"https:\/\/www.cronicasdeitarantim.com.br\/v1\/wp-json\/wp\/v2\/categories?post=169501"},{"taxonomy":"post_tag","embeddable":true,"href":"https:\/\/www.cronicasdeitarantim.com.br\/v1\/wp-json\/wp\/v2\/tags?post=169501"}],"curies":[{"name":"wp","href":"https:\/\/api.w.org\/{rel}","templated":true}]}}