{"id":169482,"date":"2025-01-09T21:33:04","date_gmt":"2025-01-10T00:33:04","guid":{"rendered":"https:\/\/www.cronicasdeitarantim.com.br\/v1\/?p=169482"},"modified":"2025-01-09T21:33:18","modified_gmt":"2025-01-10T00:33:18","slug":"mulher-e-morta-e-homem-e-preso-em-flagrante-em-cidade-da-regiao","status":"publish","type":"post","link":"https:\/\/www.cronicasdeitarantim.com.br\/v1\/2025\/01\/09\/mulher-e-morta-e-homem-e-preso-em-flagrante-em-cidade-da-regiao\/","title":{"rendered":"Mulher \u00e9 morta e homem \u00e9 preso em flagrante em cidade da regi\u00e3o"},"content":{"rendered":"<div id=\"chunk-3r2nv\">\n<div class=\"mc-column content-text active-extra-styles \" data-block-type=\"unstyled\" data-block-weight=\"29\" data-block-id=\"2\">\n<h4 class=\" content-text__container \" data-track-category=\"Link no Texto\" data-mrf-recirculation=\"Mat\u00e9ria - Links no Texto\">Uma jovem de 25 anos foi encontrada morta, nesta quinta-feira (9), na cidade de\u00a0Itabuna, no sul da Bahia. Um homem suspeito do crime foi preso em flagrante, como informou o g1 Bahia.<\/h4>\n<\/div>\n<\/div>\n<div class=\"wall protected-content\">\n<div class=\"mc-column content-text active-extra-styles \" data-block-type=\"unstyled\" data-block-weight=\"25\" data-block-id=\"4\">\n<h4 class=\" content-text__container \" data-track-category=\"Link no Texto\" data-mrf-recirculation=\"Mat\u00e9ria - Links no Texto\">A situa\u00e7\u00e3o aconteceu no bairro Santo Ant\u00f4nio. Segundo relatos de vizinhos, Pamela Rodrigues da Silva j\u00e1 havia morado na localidade com familiares, mas se mudou.<\/h4>\n<\/div>\n<div class=\"mc-column content-text active-extra-styles \" data-block-type=\"unstyled\" data-block-weight=\"39\" data-block-id=\"5\">\n<h4 class=\" content-text__container \" data-track-category=\"Link no Texto\" data-mrf-recirculation=\"Mat\u00e9ria - Links no Texto\">A v\u00edtima voltou nesta semana, ap\u00f3s um per\u00edodo em um centro de recupera\u00e7\u00e3o para drogas, e foi acolhida na casa do suspeito. Durante a manh\u00e3, o homem surgiu com ferimentos e alegou que Pamela teria provocado os machucados.<\/h4>\n<\/div>\n<div id=\"chunk-bc8ru\">\n<div class=\"mc-column content-text active-extra-styles \" data-block-type=\"unstyled\" data-block-weight=\"33\" data-block-id=\"6\">\n<h4 class=\" content-text__container \" data-track-category=\"Link no Texto\" data-mrf-recirculation=\"Mat\u00e9ria - Links no Texto\">O suspeito ainda indicou que a jovem estava dentro do im\u00f3vel. Quando a vizinhan\u00e7a entrou no local, encontrou a v\u00edtima morta. Conforme detalhou a Pol\u00edcia Civil (PC), ela tinha marcas de viol\u00eancia.<\/h4>\n<div id=\"chunk-b0hrb\">\n<div class=\"mc-column content-text active-extra-styles \" data-block-type=\"unstyled\" data-block-weight=\"34\" data-block-id=\"8\">\n<h4 class=\" content-text__container \" data-track-category=\"Link no Texto\" data-mrf-recirculation=\"Mat\u00e9ria - Links no Texto\">O corpo de Pamela foi encaminhado para o Departamento de Pol\u00edcia T\u00e9cnica (DPT) da cidade. N\u00e3o h\u00e1 informa\u00e7\u00f5es sobre vel\u00f3rio e sepultamento da jovem. O caso \u00e9 apurado pela Delegacia Territorial de Itabuna.<\/h4>\n<\/div>\n<\/div>\n<div id=\"chunk-af6e3\">\n<div class=\"mc-column content-text active-extra-styles \" data-block-type=\"unstyled\" data-block-weight=\"2\" data-block-id=\"9\"><\/div>\n<\/div>\n<\/div>\n<\/div>\n<div id=\"chunk-ac7pk\">\n<div class=\"content-ads content-ads--reveal\" data-block-type=\"ads\" data-block-id=\"7\">\n<div id=\"banner_materia2\" class=\"tag-manager-publicidade-container mc-has-reveal mc-has-ad-lazyload tag-manager-publicidade-banner_materia2 tag-manager-publicidade-container--carregado tag-manager-publicidade-container--visivel\" data-id=\"banner_materia2\" data-google-query-id=\"CP24y8Xy6YoDFbdLuAQdsswZGw\"><\/div>\n<\/div>\n<\/div>\n<\/div>\n","protected":false},"excerpt":{"rendered":"<p>Uma jovem de 25 anos foi encontrada morta, nesta quinta-feira (9), na cidade de\u00a0Itabuna, no sul da Bahia. Um homem suspeito do crime foi preso em flagrante, como informou o g1 Bahia. A situa\u00e7\u00e3o aconteceu no bairro Santo Ant\u00f4nio. Segundo relatos de vizinhos, Pamela Rodrigues da Silva j\u00e1 havia morado na localidade com familiares, mas se mudou. A v\u00edtima voltou nesta semana, ap\u00f3s um per\u00edodo em um centro de recupera\u00e7\u00e3o para drogas, e foi acolhida na casa do suspeito. Durante a manh\u00e3, o homem surgiu com ferimentos e alegou que Pamela teria provocado os machucados. O suspeito ainda indicou que [&hellip;]<\/p>\n","protected":false},"author":4,"featured_media":169483,"comment_status":"open","ping_status":"open","sticky":false,"template":"","format":"standard","meta":[],"categories":[306],"tags":[76,1780,2409,774,444],"_links":{"self":[{"href":"https:\/\/www.cronicasdeitarantim.com.br\/v1\/wp-json\/wp\/v2\/posts\/169482"}],"collection":[{"href":"https:\/\/www.cronicasdeitarantim.com.br\/v1\/wp-json\/wp\/v2\/posts"}],"about":[{"href":"https:\/\/www.cronicasdeitarantim.com.br\/v1\/wp-json\/wp\/v2\/types\/post"}],"author":[{"embeddable":true,"href":"https:\/\/www.cronicasdeitarantim.com.br\/v1\/wp-json\/wp\/v2\/users\/4"}],"replies":[{"embeddable":true,"href":"https:\/\/www.cronicasdeitarantim.com.br\/v1\/wp-json\/wp\/v2\/comments?post=169482"}],"version-history":[{"count":2,"href":"https:\/\/www.cronicasdeitarantim.com.br\/v1\/wp-json\/wp\/v2\/posts\/169482\/revisions"}],"predecessor-version":[{"id":169485,"href":"https:\/\/www.cronicasdeitarantim.com.br\/v1\/wp-json\/wp\/v2\/posts\/169482\/revisions\/169485"}],"wp:featuredmedia":[{"embeddable":true,"href":"https:\/\/www.cronicasdeitarantim.com.br\/v1\/wp-json\/wp\/v2\/media\/169483"}],"wp:attachment":[{"href":"https:\/\/www.cronicasdeitarantim.com.br\/v1\/wp-json\/wp\/v2\/media?parent=169482"}],"wp:term":[{"taxonomy":"category","embeddable":true,"href":"https:\/\/www.cronicasdeitarantim.com.br\/v1\/wp-json\/wp\/v2\/categories?post=169482"},{"taxonomy":"post_tag","embeddable":true,"href":"https:\/\/www.cronicasdeitarantim.com.br\/v1\/wp-json\/wp\/v2\/tags?post=169482"}],"curies":[{"name":"wp","href":"https:\/\/api.w.org\/{rel}","templated":true}]}}