{"id":169403,"date":"2025-01-07T09:47:08","date_gmt":"2025-01-07T12:47:08","guid":{"rendered":"https:\/\/www.cronicasdeitarantim.com.br\/v1\/?p=169403"},"modified":"2025-01-07T09:47:08","modified_gmt":"2025-01-07T12:47:08","slug":"seis-detentos-perigosos-foram-transferidos-do-presidio-de-jequie-por-envolvimento-em-homicidios","status":"publish","type":"post","link":"https:\/\/www.cronicasdeitarantim.com.br\/v1\/2025\/01\/07\/seis-detentos-perigosos-foram-transferidos-do-presidio-de-jequie-por-envolvimento-em-homicidios\/","title":{"rendered":"Seis detentos perigosos foram transferidos do pres\u00eddio de Jequi\u00e9 por envolvimento em homic\u00eddios"},"content":{"rendered":"<h4>Seis detentos de alta periculosidade foram transferidos do pres\u00eddio de Jequi\u00e9 devido \u00e0 sua influ\u00eancia nos oito homic\u00eddios ocorridos na cidade no final de semana. Esses detentos s\u00e3o considerados perigosos e t\u00eam grande influ\u00eancia no tr\u00e1fico de drogas local, al\u00e9m de estarem envolvidos, segundo informa\u00e7\u00f5es da pol\u00edcia, nos homic\u00eddios registrados nos \u00faltimos meses.<\/h4>\n<h4>A Opera\u00e7\u00e3o For\u00e7a M\u00e1xima Ver\u00e3o foi realizada para revistar 42 celas em tr\u00eas pavilh\u00f5es do sistema prisional, com a verifica\u00e7\u00e3o de 210 internos, conforme informou a pol\u00edcia. O pres\u00eddio de Jequi\u00e9 abriga cerca de 530 detentos e \u00e9 considerado um dos estabelecimentos prisionais da Bahia com problemas de\u00a0superlota\u00e7\u00e3o.<\/h4>\n<h4>Al\u00e9m das transfer\u00eancias dos detentos que segundo informa\u00e7\u00f5es teve liga\u00e7\u00e3o direta nos homic\u00eddios, a cidade de Jequi\u00e9 est\u00e1 recebendo a Opera\u00e7\u00e3o H\u00f3rus de combate ao crime na cidade com as v\u00e1rias pol\u00edcias do estado para combater os crimes e desarticular fac\u00e7\u00f5es no munic\u00edpio.<\/h4>\n<p>Confira a movimenta\u00e7\u00e3o da pol\u00edcia: <a href=\"https:\/\/www.instagram.com\/reel\/DEheoYau59X\/?utm_source=ig_web_copy_link&amp;igsh=MzRlODBiNWFlZA==\">https:\/\/www.instagram.com\/reel\/DEheoYau59X\/?utm_source=ig_web_copy_link&amp;igsh=MzRlODBiNWFlZA==<\/a><\/p>\n","protected":false},"excerpt":{"rendered":"<p>Seis detentos de alta periculosidade foram transferidos do pres\u00eddio de Jequi\u00e9 devido \u00e0 sua influ\u00eancia nos oito homic\u00eddios ocorridos na cidade no final de semana. Esses detentos s\u00e3o considerados perigosos e t\u00eam grande influ\u00eancia no tr\u00e1fico de drogas local, al\u00e9m de estarem envolvidos, segundo informa\u00e7\u00f5es da pol\u00edcia, nos homic\u00eddios registrados nos \u00faltimos meses. A Opera\u00e7\u00e3o For\u00e7a M\u00e1xima Ver\u00e3o foi realizada para revistar 42 celas em tr\u00eas pavilh\u00f5es do sistema prisional, com a verifica\u00e7\u00e3o de 210 internos, conforme informou a pol\u00edcia. O pres\u00eddio de Jequi\u00e9 abriga cerca de 530 detentos e \u00e9 considerado um dos estabelecimentos prisionais da Bahia com problemas [&hellip;]<\/p>\n","protected":false},"author":4,"featured_media":169404,"comment_status":"open","ping_status":"open","sticky":false,"template":"","format":"standard","meta":[],"categories":[295],"tags":[1780,3251,214,434,444],"_links":{"self":[{"href":"https:\/\/www.cronicasdeitarantim.com.br\/v1\/wp-json\/wp\/v2\/posts\/169403"}],"collection":[{"href":"https:\/\/www.cronicasdeitarantim.com.br\/v1\/wp-json\/wp\/v2\/posts"}],"about":[{"href":"https:\/\/www.cronicasdeitarantim.com.br\/v1\/wp-json\/wp\/v2\/types\/post"}],"author":[{"embeddable":true,"href":"https:\/\/www.cronicasdeitarantim.com.br\/v1\/wp-json\/wp\/v2\/users\/4"}],"replies":[{"embeddable":true,"href":"https:\/\/www.cronicasdeitarantim.com.br\/v1\/wp-json\/wp\/v2\/comments?post=169403"}],"version-history":[{"count":1,"href":"https:\/\/www.cronicasdeitarantim.com.br\/v1\/wp-json\/wp\/v2\/posts\/169403\/revisions"}],"predecessor-version":[{"id":169405,"href":"https:\/\/www.cronicasdeitarantim.com.br\/v1\/wp-json\/wp\/v2\/posts\/169403\/revisions\/169405"}],"wp:featuredmedia":[{"embeddable":true,"href":"https:\/\/www.cronicasdeitarantim.com.br\/v1\/wp-json\/wp\/v2\/media\/169404"}],"wp:attachment":[{"href":"https:\/\/www.cronicasdeitarantim.com.br\/v1\/wp-json\/wp\/v2\/media?parent=169403"}],"wp:term":[{"taxonomy":"category","embeddable":true,"href":"https:\/\/www.cronicasdeitarantim.com.br\/v1\/wp-json\/wp\/v2\/categories?post=169403"},{"taxonomy":"post_tag","embeddable":true,"href":"https:\/\/www.cronicasdeitarantim.com.br\/v1\/wp-json\/wp\/v2\/tags?post=169403"}],"curies":[{"name":"wp","href":"https:\/\/api.w.org\/{rel}","templated":true}]}}