{"id":169345,"date":"2025-01-06T22:21:38","date_gmt":"2025-01-07T01:21:38","guid":{"rendered":"https:\/\/www.cronicasdeitarantim.com.br\/v1\/?p=169345"},"modified":"2025-01-06T22:21:38","modified_gmt":"2025-01-07T01:21:38","slug":"guarda-municipal-mata-secretario-adjunto-da-prefeitura-de-osasco","status":"publish","type":"post","link":"https:\/\/www.cronicasdeitarantim.com.br\/v1\/2025\/01\/06\/guarda-municipal-mata-secretario-adjunto-da-prefeitura-de-osasco\/","title":{"rendered":"Guarda Municipal mata secret\u00e1rio adjunto da Prefeitura de Osasco"},"content":{"rendered":"<h4>O secret\u00e1rio adjunto de Seguran\u00e7a da Prefeitura de Osasco, S\u00e3o Paulo, Adilson Cust\u00f3dio Moreira, foi morto por um guarda municipal nesta segunda-feira, 6 de janeiro. O incidente ocorreu dentro da sede administrativa do munic\u00edpio.<\/h4>\n<h4>De acordo com informa\u00e7\u00f5es do portal Metr\u00f3poles, o secret\u00e1rio estava participando de uma reuni\u00e3o com os guardas municipais. No final da reuni\u00e3o, um dos guardas permaneceu na sala, momento em que ocorreram os disparos que resultaram na morte do secret\u00e1rio.<\/h4>\n<h4>Ainda segundo as informa\u00e7\u00f5es, o guarda foi detido e se encontra \u00e0 disposi\u00e7\u00e3o\u00a0da\u00a0justi\u00e7a.<\/h4>\n","protected":false},"excerpt":{"rendered":"<p>O secret\u00e1rio adjunto de Seguran\u00e7a da Prefeitura de Osasco, S\u00e3o Paulo, Adilson Cust\u00f3dio Moreira, foi morto por um guarda municipal nesta segunda-feira, 6 de janeiro. O incidente ocorreu dentro da sede administrativa do munic\u00edpio. De acordo com informa\u00e7\u00f5es do portal Metr\u00f3poles, o secret\u00e1rio estava participando de uma reuni\u00e3o com os guardas municipais. No final da reuni\u00e3o, um dos guardas permaneceu na sala, momento em que ocorreram os disparos que resultaram na morte do secret\u00e1rio. Ainda segundo as informa\u00e7\u00f5es, o guarda foi detido e se encontra \u00e0 disposi\u00e7\u00e3o\u00a0da\u00a0justi\u00e7a.<\/p>\n","protected":false},"author":4,"featured_media":169346,"comment_status":"open","ping_status":"open","sticky":false,"template":"","format":"standard","meta":[],"categories":[306],"tags":[1780,3249,1016,444],"_links":{"self":[{"href":"https:\/\/www.cronicasdeitarantim.com.br\/v1\/wp-json\/wp\/v2\/posts\/169345"}],"collection":[{"href":"https:\/\/www.cronicasdeitarantim.com.br\/v1\/wp-json\/wp\/v2\/posts"}],"about":[{"href":"https:\/\/www.cronicasdeitarantim.com.br\/v1\/wp-json\/wp\/v2\/types\/post"}],"author":[{"embeddable":true,"href":"https:\/\/www.cronicasdeitarantim.com.br\/v1\/wp-json\/wp\/v2\/users\/4"}],"replies":[{"embeddable":true,"href":"https:\/\/www.cronicasdeitarantim.com.br\/v1\/wp-json\/wp\/v2\/comments?post=169345"}],"version-history":[{"count":1,"href":"https:\/\/www.cronicasdeitarantim.com.br\/v1\/wp-json\/wp\/v2\/posts\/169345\/revisions"}],"predecessor-version":[{"id":169347,"href":"https:\/\/www.cronicasdeitarantim.com.br\/v1\/wp-json\/wp\/v2\/posts\/169345\/revisions\/169347"}],"wp:featuredmedia":[{"embeddable":true,"href":"https:\/\/www.cronicasdeitarantim.com.br\/v1\/wp-json\/wp\/v2\/media\/169346"}],"wp:attachment":[{"href":"https:\/\/www.cronicasdeitarantim.com.br\/v1\/wp-json\/wp\/v2\/media?parent=169345"}],"wp:term":[{"taxonomy":"category","embeddable":true,"href":"https:\/\/www.cronicasdeitarantim.com.br\/v1\/wp-json\/wp\/v2\/categories?post=169345"},{"taxonomy":"post_tag","embeddable":true,"href":"https:\/\/www.cronicasdeitarantim.com.br\/v1\/wp-json\/wp\/v2\/tags?post=169345"}],"curies":[{"name":"wp","href":"https:\/\/api.w.org\/{rel}","templated":true}]}}