{"id":169253,"date":"2025-01-05T11:57:09","date_gmt":"2025-01-05T14:57:09","guid":{"rendered":"https:\/\/www.cronicasdeitarantim.com.br\/v1\/?p=169253"},"modified":"2025-01-05T12:04:27","modified_gmt":"2025-01-05T15:04:27","slug":"quarta-edicao-do-diadema-intimista-no-diadema-rock-clube-teve-casa-cheia-neste-sabado","status":"publish","type":"post","link":"https:\/\/www.cronicasdeitarantim.com.br\/v1\/2025\/01\/05\/quarta-edicao-do-diadema-intimista-no-diadema-rock-clube-teve-casa-cheia-neste-sabado\/","title":{"rendered":"Quarta edi\u00e7\u00e3o do &#8216;Diadema Intimista&#8217; no Diadema Rock Clube teve casa cheia neste s\u00e1bado"},"content":{"rendered":"<p>O Diadema Rock Clube, considerado o melhor espa\u00e7o cultural da cidade de Itarantim, realizou na noite deste s\u00e1bado 04 de janeiro, abrindo o ano de 2025, mais uma edi\u00e7\u00e3o do Diadema Intimista. Esta j\u00e1 \u00e9 a quarta edi\u00e7\u00e3o desse movimento musical, que a cada evento atrai mais pessoas que reconhecem o espa\u00e7o como o melhor em termos culturais na cidade.<\/p>\n<p>A quarta edi\u00e7\u00e3o contou com as apresenta\u00e7\u00f5es de Mois\u00e9s Serafim e Van, que trouxeram um repert\u00f3rio encantador da m\u00fasica popular brasileira, fazendo com que os presentes se apaixonassem ainda mais pela musicalidade que o espa\u00e7o vem oferecendo.<\/p>\n<p>Nossa reda\u00e7\u00e3o esteve no local e p\u00f4de conferir os melhores momentos dessa quarta edi\u00e7\u00e3o do Diadema Intimista, repleta de m\u00fasica de qualidade proporcionada por\u00a0Mois\u00e9s\u00a0e\u00a0Van.<\/p>\n<p>Clica no link e veja momentos e nossa galeria de fotos: <a href=\"https:\/\/www.instagram.com\/p\/DEcqkNguHA5\/?utm_source=ig_web_copy_link&amp;igsh=MzRlODBiNWFlZA==\">https:\/\/www.instagram.com\/p\/DEcqkNguHA5\/?utm_source=ig_web_copy_link&amp;igsh=MzRlODBiNWFlZA==<\/a><\/p>\n\n","protected":false},"excerpt":{"rendered":"<p>O Diadema Rock Clube, considerado o melhor espa\u00e7o cultural da cidade de Itarantim, realizou na noite deste s\u00e1bado 04 de janeiro, abrindo o ano de 2025, mais uma edi\u00e7\u00e3o do Diadema Intimista. Esta j\u00e1 \u00e9 a quarta edi\u00e7\u00e3o desse movimento musical, que a cada evento atrai mais pessoas que reconhecem o espa\u00e7o como o melhor em termos culturais na cidade. A quarta edi\u00e7\u00e3o contou com as apresenta\u00e7\u00f5es de Mois\u00e9s Serafim e Van, que trouxeram um repert\u00f3rio encantador da m\u00fasica popular brasileira, fazendo com que os presentes se apaixonassem ainda mais pela musicalidade que o espa\u00e7o vem oferecendo. Nossa reda\u00e7\u00e3o esteve [&hellip;]<\/p>\n","protected":false},"author":4,"featured_media":0,"comment_status":"open","ping_status":"open","sticky":false,"template":"","format":"standard","meta":[],"categories":[538],"tags":[1780,110,3241,2185,204],"_links":{"self":[{"href":"https:\/\/www.cronicasdeitarantim.com.br\/v1\/wp-json\/wp\/v2\/posts\/169253"}],"collection":[{"href":"https:\/\/www.cronicasdeitarantim.com.br\/v1\/wp-json\/wp\/v2\/posts"}],"about":[{"href":"https:\/\/www.cronicasdeitarantim.com.br\/v1\/wp-json\/wp\/v2\/types\/post"}],"author":[{"embeddable":true,"href":"https:\/\/www.cronicasdeitarantim.com.br\/v1\/wp-json\/wp\/v2\/users\/4"}],"replies":[{"embeddable":true,"href":"https:\/\/www.cronicasdeitarantim.com.br\/v1\/wp-json\/wp\/v2\/comments?post=169253"}],"version-history":[{"count":3,"href":"https:\/\/www.cronicasdeitarantim.com.br\/v1\/wp-json\/wp\/v2\/posts\/169253\/revisions"}],"predecessor-version":[{"id":169313,"href":"https:\/\/www.cronicasdeitarantim.com.br\/v1\/wp-json\/wp\/v2\/posts\/169253\/revisions\/169313"}],"wp:attachment":[{"href":"https:\/\/www.cronicasdeitarantim.com.br\/v1\/wp-json\/wp\/v2\/media?parent=169253"}],"wp:term":[{"taxonomy":"category","embeddable":true,"href":"https:\/\/www.cronicasdeitarantim.com.br\/v1\/wp-json\/wp\/v2\/categories?post=169253"},{"taxonomy":"post_tag","embeddable":true,"href":"https:\/\/www.cronicasdeitarantim.com.br\/v1\/wp-json\/wp\/v2\/tags?post=169253"}],"curies":[{"name":"wp","href":"https:\/\/api.w.org\/{rel}","templated":true}]}}