{"id":169056,"date":"2024-12-30T20:32:54","date_gmt":"2024-12-30T23:32:54","guid":{"rendered":"https:\/\/www.cronicasdeitarantim.com.br\/v1\/?p=169056"},"modified":"2024-12-30T20:40:21","modified_gmt":"2024-12-30T23:40:21","slug":"uma-das-secretarias-do-governo-municipal-esporte-ainda-nao-definiu-secretario","status":"publish","type":"post","link":"https:\/\/www.cronicasdeitarantim.com.br\/v1\/2024\/12\/30\/uma-das-secretarias-do-governo-municipal-esporte-ainda-nao-definiu-secretario\/","title":{"rendered":"Uma das secretarias do governo municipal, esporte, ainda n\u00e3o definiu secret\u00e1rio"},"content":{"rendered":"<h4>Uma das secretarias mais importantes de um governo, a Secretaria de Esporte, ainda n\u00e3o definiu quem ser\u00e1 o respons\u00e1vel pela pasta no governo F\u00e1bio Gusm\u00e3o. Anteriormente, a secretaria estava sob a gest\u00e3o do secret\u00e1rio de Cultura, mas agora ser\u00e1 desmembrada, tendo um secret\u00e1rio exclusivo para cuidar dela.<\/h4>\n<h4>Durante os quatro anos do governo F\u00e1bio, a Secretaria de Esporte realizou apenas uma competi\u00e7\u00e3o oficial no calend\u00e1rio local: o Campeonato Municipal deste ano. Al\u00e9m de um torneio intitulado &#8220;Ruralz\u00e3o&#8221;. que ocorreu em paralelo ao movimento pol\u00edtico de 2022.<\/h4>\n<h4>Al\u00e9m disso, a popula\u00e7\u00e3o de Itarantim n\u00e3o viu sua sele\u00e7\u00e3o participar do Campeonato Intermunicipal, uma competi\u00e7\u00e3o em que geralmente a sele\u00e7\u00e3o da cidade \u00e9 inscrita durante os mandatos em mandatos de governos anteriores.<\/h4>\n<h4>De acordo com informa\u00e7\u00f5es publicadas no Di\u00e1rio Oficial da Prefeitura sobre a pasta do Esporte, no pr\u00f3ximo ano haver\u00e1 uma pessoa encarregada especificamente das sele\u00e7\u00f5es, intitulada &#8220;Coordenador de Sele\u00e7\u00f5es&#8221;, conforme mencionado na publica\u00e7\u00e3o. No entanto, at\u00e9 o momento, n\u00e3o foi divulgado o nome do novo secret\u00e1rio.<\/h4>\n<h4>Especula\u00e7\u00f5es dentro do n\u00facleo do governo apontam para alguns nomes poss\u00edveis, mas acredita-se que quem ir\u00e1 ocupar essa fun\u00e7\u00e3o seja Lupita, o atual coordenador de futebol que est\u00e1 na pasta desde o in\u00edcio do governo.<\/h4>\n<h4>Para viabilizar grandes campeonatos na cidade e garantir a participa\u00e7\u00e3o da sele\u00e7\u00e3o no Intermunicipal, j\u00e1 era necess\u00e1rio escolher o secret\u00e1rio para permitir um planejamento adequado das atividades neste primeiro semestre de 2025.<\/h4>\n<h4>Foto em destaque, sele\u00e7\u00e3o de 2017.<\/h4>\n","protected":false},"excerpt":{"rendered":"<p>Uma das secretarias mais importantes de um governo, a Secretaria de Esporte, ainda n\u00e3o definiu quem ser\u00e1 o respons\u00e1vel pela pasta no governo F\u00e1bio Gusm\u00e3o. Anteriormente, a secretaria estava sob a gest\u00e3o do secret\u00e1rio de Cultura, mas agora ser\u00e1 desmembrada, tendo um secret\u00e1rio exclusivo para cuidar dela. Durante os quatro anos do governo F\u00e1bio, a Secretaria de Esporte realizou apenas uma competi\u00e7\u00e3o oficial no calend\u00e1rio local: o Campeonato Municipal deste ano. Al\u00e9m de um torneio intitulado &#8220;Ruralz\u00e3o&#8221;. que ocorreu em paralelo ao movimento pol\u00edtico de 2022. Al\u00e9m disso, a popula\u00e7\u00e3o de Itarantim n\u00e3o viu sua sele\u00e7\u00e3o participar do Campeonato Intermunicipal, [&hellip;]<\/p>\n","protected":false},"author":4,"featured_media":169057,"comment_status":"open","ping_status":"open","sticky":false,"template":"","format":"standard","meta":[],"categories":[299],"tags":[2895,1780,137,385,1027],"_links":{"self":[{"href":"https:\/\/www.cronicasdeitarantim.com.br\/v1\/wp-json\/wp\/v2\/posts\/169056"}],"collection":[{"href":"https:\/\/www.cronicasdeitarantim.com.br\/v1\/wp-json\/wp\/v2\/posts"}],"about":[{"href":"https:\/\/www.cronicasdeitarantim.com.br\/v1\/wp-json\/wp\/v2\/types\/post"}],"author":[{"embeddable":true,"href":"https:\/\/www.cronicasdeitarantim.com.br\/v1\/wp-json\/wp\/v2\/users\/4"}],"replies":[{"embeddable":true,"href":"https:\/\/www.cronicasdeitarantim.com.br\/v1\/wp-json\/wp\/v2\/comments?post=169056"}],"version-history":[{"count":2,"href":"https:\/\/www.cronicasdeitarantim.com.br\/v1\/wp-json\/wp\/v2\/posts\/169056\/revisions"}],"predecessor-version":[{"id":169059,"href":"https:\/\/www.cronicasdeitarantim.com.br\/v1\/wp-json\/wp\/v2\/posts\/169056\/revisions\/169059"}],"wp:featuredmedia":[{"embeddable":true,"href":"https:\/\/www.cronicasdeitarantim.com.br\/v1\/wp-json\/wp\/v2\/media\/169057"}],"wp:attachment":[{"href":"https:\/\/www.cronicasdeitarantim.com.br\/v1\/wp-json\/wp\/v2\/media?parent=169056"}],"wp:term":[{"taxonomy":"category","embeddable":true,"href":"https:\/\/www.cronicasdeitarantim.com.br\/v1\/wp-json\/wp\/v2\/categories?post=169056"},{"taxonomy":"post_tag","embeddable":true,"href":"https:\/\/www.cronicasdeitarantim.com.br\/v1\/wp-json\/wp\/v2\/tags?post=169056"}],"curies":[{"name":"wp","href":"https:\/\/api.w.org\/{rel}","templated":true}]}}