{"id":169050,"date":"2024-12-30T10:31:21","date_gmt":"2024-12-30T13:31:21","guid":{"rendered":"https:\/\/www.cronicasdeitarantim.com.br\/v1\/?p=169050"},"modified":"2024-12-30T10:31:21","modified_gmt":"2024-12-30T13:31:21","slug":"chapa-unica-formada-e-martelo-batido-dudu-sera-o-presidente-da-camara","status":"publish","type":"post","link":"https:\/\/www.cronicasdeitarantim.com.br\/v1\/2024\/12\/30\/chapa-unica-formada-e-martelo-batido-dudu-sera-o-presidente-da-camara\/","title":{"rendered":"Chapa \u00fanica formada e martelo batido, Dudu ser\u00e1 o presidente da C\u00e2mara"},"content":{"rendered":"<p>Tudo indica que o vereador Dudu dos Tutas (PSD) ser\u00e1 o pr\u00f3ximo presidente da C\u00e2mara de Vereadores da cidade de Itarantim. Dudu faz parte da base do prefeito F\u00e1bio Gusm\u00e3o (PSD), que elegeu a maioria dos vereadores para seu campo pol\u00edtico.<\/p>\n<p>Por v\u00e1rias vezes, a reda\u00e7\u00e3o do site Cr\u00f4nicas de Itarantim questionou o vereador sobre a possibilidade de uma chapa oposicionista, e ele afirmou que, pelo di\u00e1logo que j\u00e1 teve com os demais vereadores, seria imposs\u00edvel a forma\u00e7\u00e3o de outra chapa.<\/p>\n<p>A oposi\u00e7\u00e3o elegeu apenas quatro vereadores, e ainda n\u00e3o se sabe se eles tomar\u00e3o uma posi\u00e7\u00e3o pol\u00edtica para permanecer no campo oposicionista. Neste contexto pol\u00edtico, podemos afirmar que ser\u00e1 uma chapa \u00fanica e que Dudu ser\u00e1 eleito presidente da C\u00e2mara na quarta-feira (01) para o pr\u00f3ximo bi\u00eanio.<\/p>\n<p>Os vereadores t\u00eam at\u00e9 esta ter\u00e7a-feira (31) para formalizar a chapa e public\u00e1-la. Caso tudo esteja definido, o vereador Dudu, que foi o mais votado da cidade, retornar\u00e1 \u00e0 presid\u00eancia da C\u00e2mara ap\u00f3s um certo tempo.<\/p>\n<p>A reda\u00e7\u00e3o do Cr\u00f4nicas de Itarantim entrou em contato com o vereador, que nos confirmou que a chapa com os nomes que compor\u00e3o a mesa diretora j\u00e1 est\u00e1 formada.<\/p>\n<p>Logo logo vamos conhecer os nomes que ocuparam a mesa diretora da C\u00e2mara para o pr\u00f3ximo bi\u00eanio.<\/p>\n","protected":false},"excerpt":{"rendered":"<p>Tudo indica que o vereador Dudu dos Tutas (PSD) ser\u00e1 o pr\u00f3ximo presidente da C\u00e2mara de Vereadores da cidade de Itarantim. Dudu faz parte da base do prefeito F\u00e1bio Gusm\u00e3o (PSD), que elegeu a maioria dos vereadores para seu campo pol\u00edtico. Por v\u00e1rias vezes, a reda\u00e7\u00e3o do site Cr\u00f4nicas de Itarantim questionou o vereador sobre a possibilidade de uma chapa oposicionista, e ele afirmou que, pelo di\u00e1logo que j\u00e1 teve com os demais vereadores, seria imposs\u00edvel a forma\u00e7\u00e3o de outra chapa. A oposi\u00e7\u00e3o elegeu apenas quatro vereadores, e ainda n\u00e3o se sabe se eles tomar\u00e3o uma posi\u00e7\u00e3o pol\u00edtica para permanecer [&hellip;]<\/p>\n","protected":false},"author":4,"featured_media":168575,"comment_status":"open","ping_status":"open","sticky":false,"template":"","format":"standard","meta":[],"categories":[304],"tags":[3235,1822,1780,718,385,3236],"_links":{"self":[{"href":"https:\/\/www.cronicasdeitarantim.com.br\/v1\/wp-json\/wp\/v2\/posts\/169050"}],"collection":[{"href":"https:\/\/www.cronicasdeitarantim.com.br\/v1\/wp-json\/wp\/v2\/posts"}],"about":[{"href":"https:\/\/www.cronicasdeitarantim.com.br\/v1\/wp-json\/wp\/v2\/types\/post"}],"author":[{"embeddable":true,"href":"https:\/\/www.cronicasdeitarantim.com.br\/v1\/wp-json\/wp\/v2\/users\/4"}],"replies":[{"embeddable":true,"href":"https:\/\/www.cronicasdeitarantim.com.br\/v1\/wp-json\/wp\/v2\/comments?post=169050"}],"version-history":[{"count":1,"href":"https:\/\/www.cronicasdeitarantim.com.br\/v1\/wp-json\/wp\/v2\/posts\/169050\/revisions"}],"predecessor-version":[{"id":169051,"href":"https:\/\/www.cronicasdeitarantim.com.br\/v1\/wp-json\/wp\/v2\/posts\/169050\/revisions\/169051"}],"wp:featuredmedia":[{"embeddable":true,"href":"https:\/\/www.cronicasdeitarantim.com.br\/v1\/wp-json\/wp\/v2\/media\/168575"}],"wp:attachment":[{"href":"https:\/\/www.cronicasdeitarantim.com.br\/v1\/wp-json\/wp\/v2\/media?parent=169050"}],"wp:term":[{"taxonomy":"category","embeddable":true,"href":"https:\/\/www.cronicasdeitarantim.com.br\/v1\/wp-json\/wp\/v2\/categories?post=169050"},{"taxonomy":"post_tag","embeddable":true,"href":"https:\/\/www.cronicasdeitarantim.com.br\/v1\/wp-json\/wp\/v2\/tags?post=169050"}],"curies":[{"name":"wp","href":"https:\/\/api.w.org\/{rel}","templated":true}]}}