{"id":169023,"date":"2024-12-28T17:18:25","date_gmt":"2024-12-28T20:18:25","guid":{"rendered":"https:\/\/www.cronicasdeitarantim.com.br\/v1\/?p=169023"},"modified":"2024-12-28T17:24:09","modified_gmt":"2024-12-28T20:24:09","slug":"lancamento-de-documentario-itarantim-uma-historia-contada-por-sua-gente","status":"publish","type":"post","link":"https:\/\/www.cronicasdeitarantim.com.br\/v1\/2024\/12\/28\/lancamento-de-documentario-itarantim-uma-historia-contada-por-sua-gente\/","title":{"rendered":"Lan\u00e7amento de document\u00e1rio: &#8220;Itarantim: Uma hist\u00f3ria contada por sua gente&#8221;"},"content":{"rendered":"<p>O document\u00e1rio &#8220;Itarantim: Uma Hist\u00f3ria Contada por Sua Gente&#8221; foi lan\u00e7ado no dia 26 de dezembro no audit\u00f3rio da C\u00e2mara de Vereadores do munic\u00edpio de Itarantim. O evento contou com a presen\u00e7a dos depoentes que participaram do document\u00e1rio, al\u00e9m de seus familiares. O document\u00e1rio produzido por Joabes Rodrigues e Ana Clara traz depoimentos important\u00edssimos sobre a hist\u00f3ria de Itarantim, vindos daquelas pessoas que viveram a hist\u00f3ria desde o \u00e1pice da sua constru\u00e7\u00e3o at\u00e9 os momentos atuais.<\/p>\n<p>Agora, o lan\u00e7amento do document\u00e1rio ser\u00e1 nas plataformas de redes sociais e voc\u00ea entrar no link abaixo e clicar em receber notifica\u00e7\u00f5es para quando o document\u00e1rio estreia no canal voc\u00ea receber.<\/p>\n<p><iframe loading=\"lazy\" title=\"&#039;Itarantim: Uma hist\u00f3ria contada por sua gente&#039;\" width=\"1200\" height=\"675\" src=\"https:\/\/www.youtube.com\/embed\/Vlk-x5a1PCk?feature=oembed\" frameborder=\"0\" allow=\"accelerometer; autoplay; clipboard-write; encrypted-media; gyroscope; picture-in-picture; web-share\" referrerpolicy=\"strict-origin-when-cross-origin\" allowfullscreen><\/iframe><\/p>\n<p><a href=\"https:\/\/www.cronicasdeitarantim.com.br\/v1\/wp-content\/uploads\/2024\/12\/IMG-20241227-WA0252.jpg\"><img decoding=\"async\" loading=\"lazy\" class=\"alignnone size-full wp-image-169001\" src=\"https:\/\/www.cronicasdeitarantim.com.br\/v1\/wp-content\/uploads\/2024\/12\/IMG-20241227-WA0252.jpg\" alt=\"\" width=\"701\" height=\"800\" srcset=\"https:\/\/www.cronicasdeitarantim.com.br\/v1\/wp-content\/uploads\/2024\/12\/IMG-20241227-WA0252.jpg 701w, https:\/\/www.cronicasdeitarantim.com.br\/v1\/wp-content\/uploads\/2024\/12\/IMG-20241227-WA0252-263x300.jpg 263w, https:\/\/www.cronicasdeitarantim.com.br\/v1\/wp-content\/uploads\/2024\/12\/IMG-20241227-WA0252-400x456.jpg 400w, https:\/\/www.cronicasdeitarantim.com.br\/v1\/wp-content\/uploads\/2024\/12\/IMG-20241227-WA0252-526x600.jpg 526w\" sizes=\"(max-width: 701px) 100vw, 701px\" \/><\/a> <a href=\"https:\/\/www.cronicasdeitarantim.com.br\/v1\/wp-content\/uploads\/2024\/12\/IMG-20241227-WA0253.jpg\"><img decoding=\"async\" loading=\"lazy\" class=\"alignnone size-full wp-image-169000\" src=\"https:\/\/www.cronicasdeitarantim.com.br\/v1\/wp-content\/uploads\/2024\/12\/IMG-20241227-WA0253.jpg\" alt=\"\" width=\"521\" height=\"730\" srcset=\"https:\/\/www.cronicasdeitarantim.com.br\/v1\/wp-content\/uploads\/2024\/12\/IMG-20241227-WA0253.jpg 521w, https:\/\/www.cronicasdeitarantim.com.br\/v1\/wp-content\/uploads\/2024\/12\/IMG-20241227-WA0253-214x300.jpg 214w, https:\/\/www.cronicasdeitarantim.com.br\/v1\/wp-content\/uploads\/2024\/12\/IMG-20241227-WA0253-400x560.jpg 400w, https:\/\/www.cronicasdeitarantim.com.br\/v1\/wp-content\/uploads\/2024\/12\/IMG-20241227-WA0253-428x600.jpg 428w\" sizes=\"(max-width: 521px) 100vw, 521px\" \/><\/a> <a href=\"https:\/\/www.cronicasdeitarantim.com.br\/v1\/wp-content\/uploads\/2024\/12\/IMG_20241226_195647_compress67.jpg\"><img decoding=\"async\" loading=\"lazy\" class=\"alignnone size-full wp-image-168998\" src=\"https:\/\/www.cronicasdeitarantim.com.br\/v1\/wp-content\/uploads\/2024\/12\/IMG_20241226_195647_compress67.jpg\" alt=\"\" width=\"730\" height=\"337\" srcset=\"https:\/\/www.cronicasdeitarantim.com.br\/v1\/wp-content\/uploads\/2024\/12\/IMG_20241226_195647_compress67.jpg 730w, https:\/\/www.cronicasdeitarantim.com.br\/v1\/wp-content\/uploads\/2024\/12\/IMG_20241226_195647_compress67-300x138.jpg 300w, https:\/\/www.cronicasdeitarantim.com.br\/v1\/wp-content\/uploads\/2024\/12\/IMG_20241226_195647_compress67-400x185.jpg 400w\" sizes=\"(max-width: 730px) 100vw, 730px\" \/><\/a> <a href=\"https:\/\/www.cronicasdeitarantim.com.br\/v1\/wp-content\/uploads\/2024\/12\/IMG_20241226_195303_compress68.jpg\"><img decoding=\"async\" loading=\"lazy\" class=\"alignnone size-full wp-image-168993\" src=\"https:\/\/www.cronicasdeitarantim.com.br\/v1\/wp-content\/uploads\/2024\/12\/IMG_20241226_195303_compress68.jpg\" alt=\"\" width=\"730\" height=\"337\" srcset=\"https:\/\/www.cronicasdeitarantim.com.br\/v1\/wp-content\/uploads\/2024\/12\/IMG_20241226_195303_compress68.jpg 730w, https:\/\/www.cronicasdeitarantim.com.br\/v1\/wp-content\/uploads\/2024\/12\/IMG_20241226_195303_compress68-300x138.jpg 300w, https:\/\/www.cronicasdeitarantim.com.br\/v1\/wp-content\/uploads\/2024\/12\/IMG_20241226_195303_compress68-400x185.jpg 400w\" sizes=\"(max-width: 730px) 100vw, 730px\" \/><\/a> <a href=\"https:\/\/www.cronicasdeitarantim.com.br\/v1\/wp-content\/uploads\/2024\/12\/IMG_20241226_193600_compress81.jpg\"><img decoding=\"async\" loading=\"lazy\" class=\"alignnone size-full wp-image-168992\" src=\"https:\/\/www.cronicasdeitarantim.com.br\/v1\/wp-content\/uploads\/2024\/12\/IMG_20241226_193600_compress81.jpg\" alt=\"\" width=\"730\" height=\"337\" srcset=\"https:\/\/www.cronicasdeitarantim.com.br\/v1\/wp-content\/uploads\/2024\/12\/IMG_20241226_193600_compress81.jpg 730w, https:\/\/www.cronicasdeitarantim.com.br\/v1\/wp-content\/uploads\/2024\/12\/IMG_20241226_193600_compress81-300x138.jpg 300w, https:\/\/www.cronicasdeitarantim.com.br\/v1\/wp-content\/uploads\/2024\/12\/IMG_20241226_193600_compress81-400x185.jpg 400w\" sizes=\"(max-width: 730px) 100vw, 730px\" \/><\/a> <a href=\"https:\/\/www.cronicasdeitarantim.com.br\/v1\/wp-content\/uploads\/2024\/12\/IMG_20241226_185903_compress83.jpg\"><img decoding=\"async\" loading=\"lazy\" class=\"alignnone size-full wp-image-168988\" src=\"https:\/\/www.cronicasdeitarantim.com.br\/v1\/wp-content\/uploads\/2024\/12\/IMG_20241226_185903_compress83.jpg\" alt=\"\" width=\"730\" height=\"337\" srcset=\"https:\/\/www.cronicasdeitarantim.com.br\/v1\/wp-content\/uploads\/2024\/12\/IMG_20241226_185903_compress83.jpg 730w, https:\/\/www.cronicasdeitarantim.com.br\/v1\/wp-content\/uploads\/2024\/12\/IMG_20241226_185903_compress83-300x138.jpg 300w, https:\/\/www.cronicasdeitarantim.com.br\/v1\/wp-content\/uploads\/2024\/12\/IMG_20241226_185903_compress83-400x185.jpg 400w\" sizes=\"(max-width: 730px) 100vw, 730px\" \/><\/a> <a href=\"https:\/\/www.cronicasdeitarantim.com.br\/v1\/wp-content\/uploads\/2024\/12\/IMG_20241226_193048_compress6.jpg\"><img decoding=\"async\" loading=\"lazy\" class=\"alignnone size-full wp-image-168989\" src=\"https:\/\/www.cronicasdeitarantim.com.br\/v1\/wp-content\/uploads\/2024\/12\/IMG_20241226_193048_compress6.jpg\" alt=\"\" width=\"730\" height=\"337\" srcset=\"https:\/\/www.cronicasdeitarantim.com.br\/v1\/wp-content\/uploads\/2024\/12\/IMG_20241226_193048_compress6.jpg 730w, https:\/\/www.cronicasdeitarantim.com.br\/v1\/wp-content\/uploads\/2024\/12\/IMG_20241226_193048_compress6-300x138.jpg 300w, https:\/\/www.cronicasdeitarantim.com.br\/v1\/wp-content\/uploads\/2024\/12\/IMG_20241226_193048_compress6-400x185.jpg 400w\" sizes=\"(max-width: 730px) 100vw, 730px\" \/><\/a> <a href=\"https:\/\/www.cronicasdeitarantim.com.br\/v1\/wp-content\/uploads\/2024\/12\/IMG_20241226_193006_compress78.jpg\"><img decoding=\"async\" loading=\"lazy\" class=\"alignnone size-full wp-image-168990\" src=\"https:\/\/www.cronicasdeitarantim.com.br\/v1\/wp-content\/uploads\/2024\/12\/IMG_20241226_193006_compress78.jpg\" alt=\"\" width=\"730\" height=\"337\" srcset=\"https:\/\/www.cronicasdeitarantim.com.br\/v1\/wp-content\/uploads\/2024\/12\/IMG_20241226_193006_compress78.jpg 730w, https:\/\/www.cronicasdeitarantim.com.br\/v1\/wp-content\/uploads\/2024\/12\/IMG_20241226_193006_compress78-300x138.jpg 300w, https:\/\/www.cronicasdeitarantim.com.br\/v1\/wp-content\/uploads\/2024\/12\/IMG_20241226_193006_compress78-400x185.jpg 400w\" sizes=\"(max-width: 730px) 100vw, 730px\" \/><\/a> <a href=\"https:\/\/www.cronicasdeitarantim.com.br\/v1\/wp-content\/uploads\/2024\/12\/IMG_20241226_190939_compress79.jpg\"><img decoding=\"async\" loading=\"lazy\" class=\"alignnone size-full wp-image-168991\" src=\"https:\/\/www.cronicasdeitarantim.com.br\/v1\/wp-content\/uploads\/2024\/12\/IMG_20241226_190939_compress79.jpg\" alt=\"\" width=\"730\" height=\"337\" srcset=\"https:\/\/www.cronicasdeitarantim.com.br\/v1\/wp-content\/uploads\/2024\/12\/IMG_20241226_190939_compress79.jpg 730w, https:\/\/www.cronicasdeitarantim.com.br\/v1\/wp-content\/uploads\/2024\/12\/IMG_20241226_190939_compress79-300x138.jpg 300w, https:\/\/www.cronicasdeitarantim.com.br\/v1\/wp-content\/uploads\/2024\/12\/IMG_20241226_190939_compress79-400x185.jpg 400w\" sizes=\"(max-width: 730px) 100vw, 730px\" \/><\/a> <a href=\"https:\/\/www.cronicasdeitarantim.com.br\/v1\/wp-content\/uploads\/2024\/12\/IMG-20241227-WA0251.jpg\"><img decoding=\"async\" loading=\"lazy\" class=\"alignnone size-full wp-image-168999\" src=\"https:\/\/www.cronicasdeitarantim.com.br\/v1\/wp-content\/uploads\/2024\/12\/IMG-20241227-WA0251.jpg\" alt=\"\" width=\"730\" height=\"329\" srcset=\"https:\/\/www.cronicasdeitarantim.com.br\/v1\/wp-content\/uploads\/2024\/12\/IMG-20241227-WA0251.jpg 730w, https:\/\/www.cronicasdeitarantim.com.br\/v1\/wp-content\/uploads\/2024\/12\/IMG-20241227-WA0251-300x135.jpg 300w, https:\/\/www.cronicasdeitarantim.com.br\/v1\/wp-content\/uploads\/2024\/12\/IMG-20241227-WA0251-400x180.jpg 400w\" sizes=\"(max-width: 730px) 100vw, 730px\" \/><\/a><\/p>\n","protected":false},"excerpt":{"rendered":"<p>O document\u00e1rio &#8220;Itarantim: Uma Hist\u00f3ria Contada por Sua Gente&#8221; foi lan\u00e7ado no dia 26 de dezembro no audit\u00f3rio da C\u00e2mara de Vereadores do munic\u00edpio de Itarantim. O evento contou com a presen\u00e7a dos depoentes que participaram do document\u00e1rio, al\u00e9m de seus familiares. O document\u00e1rio produzido por Joabes Rodrigues e Ana Clara traz depoimentos important\u00edssimos sobre a hist\u00f3ria de Itarantim, vindos daquelas pessoas que viveram a hist\u00f3ria desde o \u00e1pice da sua constru\u00e7\u00e3o at\u00e9 os momentos atuais. Agora, o lan\u00e7amento do document\u00e1rio ser\u00e1 nas plataformas de redes sociais e voc\u00ea entrar no link abaixo e clicar em receber notifica\u00e7\u00f5es para quando [&hellip;]<\/p>\n","protected":false},"author":4,"featured_media":168999,"comment_status":"open","ping_status":"open","sticky":false,"template":"","format":"standard","meta":[],"categories":[538],"tags":[3233,1780,110,400,1060,385],"_links":{"self":[{"href":"https:\/\/www.cronicasdeitarantim.com.br\/v1\/wp-json\/wp\/v2\/posts\/169023"}],"collection":[{"href":"https:\/\/www.cronicasdeitarantim.com.br\/v1\/wp-json\/wp\/v2\/posts"}],"about":[{"href":"https:\/\/www.cronicasdeitarantim.com.br\/v1\/wp-json\/wp\/v2\/types\/post"}],"author":[{"embeddable":true,"href":"https:\/\/www.cronicasdeitarantim.com.br\/v1\/wp-json\/wp\/v2\/users\/4"}],"replies":[{"embeddable":true,"href":"https:\/\/www.cronicasdeitarantim.com.br\/v1\/wp-json\/wp\/v2\/comments?post=169023"}],"version-history":[{"count":3,"href":"https:\/\/www.cronicasdeitarantim.com.br\/v1\/wp-json\/wp\/v2\/posts\/169023\/revisions"}],"predecessor-version":[{"id":169026,"href":"https:\/\/www.cronicasdeitarantim.com.br\/v1\/wp-json\/wp\/v2\/posts\/169023\/revisions\/169026"}],"wp:featuredmedia":[{"embeddable":true,"href":"https:\/\/www.cronicasdeitarantim.com.br\/v1\/wp-json\/wp\/v2\/media\/168999"}],"wp:attachment":[{"href":"https:\/\/www.cronicasdeitarantim.com.br\/v1\/wp-json\/wp\/v2\/media?parent=169023"}],"wp:term":[{"taxonomy":"category","embeddable":true,"href":"https:\/\/www.cronicasdeitarantim.com.br\/v1\/wp-json\/wp\/v2\/categories?post=169023"},{"taxonomy":"post_tag","embeddable":true,"href":"https:\/\/www.cronicasdeitarantim.com.br\/v1\/wp-json\/wp\/v2\/tags?post=169023"}],"curies":[{"name":"wp","href":"https:\/\/api.w.org\/{rel}","templated":true}]}}