{"id":168981,"date":"2024-12-27T08:53:47","date_gmt":"2024-12-27T11:53:47","guid":{"rendered":"https:\/\/www.cronicasdeitarantim.com.br\/v1\/?p=168981"},"modified":"2024-12-27T09:29:34","modified_gmt":"2024-12-27T12:29:34","slug":"homem-encontrado-morto-dentro-de-residencia-em-itarantim-foi-identificado","status":"publish","type":"post","link":"https:\/\/www.cronicasdeitarantim.com.br\/v1\/2024\/12\/27\/homem-encontrado-morto-dentro-de-residencia-em-itarantim-foi-identificado\/","title":{"rendered":"Homem encontrado morto dentro de resid\u00eancia em Itarantim foi identificado"},"content":{"rendered":"<p>O homem <a href=\"https:\/\/www.cronicasdeitarantim.com.br\/v1\/2024\/12\/26\/urgente-homem-e-encontrado-morto-dentro-de-casa-em-itarantim\/\">encontrado morto<\/a> na tarde desta quinta-feira (26) em Itarantim foi identificado como Geneir In\u00e1cio de Almeida, de 52 anos. Geneir era esposo da pastora Rose, uma religiosa bastante conhecida na cidade. De acordo com informa\u00e7\u00f5es colhidas pela reda\u00e7\u00e3o do site Cr\u00f4nicas de Itarantim, familiares desconfiaram que ele n\u00e3o atendeu \u00e0s liga\u00e7\u00f5es durante o dia e, ao irem at\u00e9 a resid\u00eancia, o encontraram morto sentado em uma cadeira, sozinho na parte interna da casa, localizada na rua da Bandinha. A causa da morte indica infarto.<\/p>\n<p>Ainda segundo as informa\u00e7\u00f5es obtidas, o corpo foi removido para o hospital de Itarantim e, posteriormente, levado \u00e0 cidade de Itapetinga para alguns procedimentos burocr\u00e1ticos. Na manh\u00e3 desta sexta-feira (27), o corpo de Geneir foi embarcado em dire\u00e7\u00e3o a S\u00e3o Paulo, onde ser\u00e1 sepultado em Americana, sua cidade natal.<\/p>\n<p>Aos familiares e amigos, nossas\u00a0condol\u00eancias!<\/p>\n","protected":false},"excerpt":{"rendered":"<p>O homem encontrado morto na tarde desta quinta-feira (26) em Itarantim foi identificado como Geneir In\u00e1cio de Almeida, de 52 anos. Geneir era esposo da pastora Rose, uma religiosa bastante conhecida na cidade. De acordo com informa\u00e7\u00f5es colhidas pela reda\u00e7\u00e3o do site Cr\u00f4nicas de Itarantim, familiares desconfiaram que ele n\u00e3o atendeu \u00e0s liga\u00e7\u00f5es durante o dia e, ao irem at\u00e9 a resid\u00eancia, o encontraram morto sentado em uma cadeira, sozinho na parte interna da casa, localizada na rua da Bandinha. A causa da morte indica infarto. Ainda segundo as informa\u00e7\u00f5es obtidas, o corpo foi removido para o hospital de Itarantim [&hellip;]<\/p>\n","protected":false},"author":4,"featured_media":168982,"comment_status":"open","ping_status":"open","sticky":false,"template":"","format":"standard","meta":[],"categories":[1],"tags":[1780,385,495],"_links":{"self":[{"href":"https:\/\/www.cronicasdeitarantim.com.br\/v1\/wp-json\/wp\/v2\/posts\/168981"}],"collection":[{"href":"https:\/\/www.cronicasdeitarantim.com.br\/v1\/wp-json\/wp\/v2\/posts"}],"about":[{"href":"https:\/\/www.cronicasdeitarantim.com.br\/v1\/wp-json\/wp\/v2\/types\/post"}],"author":[{"embeddable":true,"href":"https:\/\/www.cronicasdeitarantim.com.br\/v1\/wp-json\/wp\/v2\/users\/4"}],"replies":[{"embeddable":true,"href":"https:\/\/www.cronicasdeitarantim.com.br\/v1\/wp-json\/wp\/v2\/comments?post=168981"}],"version-history":[{"count":4,"href":"https:\/\/www.cronicasdeitarantim.com.br\/v1\/wp-json\/wp\/v2\/posts\/168981\/revisions"}],"predecessor-version":[{"id":168987,"href":"https:\/\/www.cronicasdeitarantim.com.br\/v1\/wp-json\/wp\/v2\/posts\/168981\/revisions\/168987"}],"wp:featuredmedia":[{"embeddable":true,"href":"https:\/\/www.cronicasdeitarantim.com.br\/v1\/wp-json\/wp\/v2\/media\/168982"}],"wp:attachment":[{"href":"https:\/\/www.cronicasdeitarantim.com.br\/v1\/wp-json\/wp\/v2\/media?parent=168981"}],"wp:term":[{"taxonomy":"category","embeddable":true,"href":"https:\/\/www.cronicasdeitarantim.com.br\/v1\/wp-json\/wp\/v2\/categories?post=168981"},{"taxonomy":"post_tag","embeddable":true,"href":"https:\/\/www.cronicasdeitarantim.com.br\/v1\/wp-json\/wp\/v2\/tags?post=168981"}],"curies":[{"name":"wp","href":"https:\/\/api.w.org\/{rel}","templated":true}]}}