{"id":168939,"date":"2024-12-24T21:20:10","date_gmt":"2024-12-25T00:20:10","guid":{"rendered":"https:\/\/www.cronicasdeitarantim.com.br\/v1\/?p=168939"},"modified":"2024-12-24T21:24:02","modified_gmt":"2024-12-25T00:24:02","slug":"aos-nossos-leitores-desejamos-um-feliz-natal-e-boas-festas-na-paz-do-menino-jesus","status":"publish","type":"post","link":"https:\/\/www.cronicasdeitarantim.com.br\/v1\/2024\/12\/24\/aos-nossos-leitores-desejamos-um-feliz-natal-e-boas-festas-na-paz-do-menino-jesus\/","title":{"rendered":"Aos nossos leitores, desejamos um feliz Natal e boas festas na paz do menino Jesus"},"content":{"rendered":"<h3>O site Cr\u00f4nicas de Itarantim deseja aos nossos leitores e a todos que acompanham nosso trabalho, um feliz Natal. O Natal \u00e9 um tempo de reflex\u00e3o, especialmente sobre aquele que veio ao mundo para nos dar a vida e a salva\u00e7\u00e3o: Jesus Cristo.<\/h3>\n<p><a href=\"https:\/\/www.cronicasdeitarantim.com.br\/v1\/wp-content\/uploads\/2024\/12\/471155011_2082008665549704_2793148336616441098_n.jpg\"><img decoding=\"async\" loading=\"lazy\" class=\"size-full wp-image-168941 alignleft\" src=\"https:\/\/www.cronicasdeitarantim.com.br\/v1\/wp-content\/uploads\/2024\/12\/471155011_2082008665549704_2793148336616441098_n.jpg\" alt=\"\" width=\"526\" height=\"526\" srcset=\"https:\/\/www.cronicasdeitarantim.com.br\/v1\/wp-content\/uploads\/2024\/12\/471155011_2082008665549704_2793148336616441098_n.jpg 526w, https:\/\/www.cronicasdeitarantim.com.br\/v1\/wp-content\/uploads\/2024\/12\/471155011_2082008665549704_2793148336616441098_n-300x300.jpg 300w, https:\/\/www.cronicasdeitarantim.com.br\/v1\/wp-content\/uploads\/2024\/12\/471155011_2082008665549704_2793148336616441098_n-150x150.jpg 150w, https:\/\/www.cronicasdeitarantim.com.br\/v1\/wp-content\/uploads\/2024\/12\/471155011_2082008665549704_2793148336616441098_n-130x130.jpg 130w, https:\/\/www.cronicasdeitarantim.com.br\/v1\/wp-content\/uploads\/2024\/12\/471155011_2082008665549704_2793148336616441098_n-400x400.jpg 400w\" sizes=\"(max-width: 526px) 100vw, 526px\" \/><\/a><\/p>\n<h3>Desejamos a voc\u00ea boas festas e j\u00e1 aproveitamos para desejar tamb\u00e9m um pr\u00f3spero Ano Novo, cheio de realiza\u00e7\u00f5es e conquistas. \u00c9 isso que n\u00f3s, da reda\u00e7\u00e3o do site Cr\u00f4nicas de Itarantim, desejamos a cada\u00a0um\u00a0de\u00a0voc\u00eas.<\/h3>\n","protected":false},"excerpt":{"rendered":"<p>O site Cr\u00f4nicas de Itarantim deseja aos nossos leitores e a todos que acompanham nosso trabalho, um feliz Natal. O Natal \u00e9 um tempo de reflex\u00e3o, especialmente sobre aquele que veio ao mundo para nos dar a vida e a salva\u00e7\u00e3o: Jesus Cristo. Desejamos a voc\u00ea boas festas e j\u00e1 aproveitamos para desejar tamb\u00e9m um pr\u00f3spero Ano Novo, cheio de realiza\u00e7\u00f5es e conquistas. \u00c9 isso que n\u00f3s, da reda\u00e7\u00e3o do site Cr\u00f4nicas de Itarantim, desejamos a cada\u00a0um\u00a0de\u00a0voc\u00eas.<\/p>\n","protected":false},"author":4,"featured_media":168940,"comment_status":"open","ping_status":"open","sticky":false,"template":"","format":"standard","meta":[],"categories":[14],"tags":[],"_links":{"self":[{"href":"https:\/\/www.cronicasdeitarantim.com.br\/v1\/wp-json\/wp\/v2\/posts\/168939"}],"collection":[{"href":"https:\/\/www.cronicasdeitarantim.com.br\/v1\/wp-json\/wp\/v2\/posts"}],"about":[{"href":"https:\/\/www.cronicasdeitarantim.com.br\/v1\/wp-json\/wp\/v2\/types\/post"}],"author":[{"embeddable":true,"href":"https:\/\/www.cronicasdeitarantim.com.br\/v1\/wp-json\/wp\/v2\/users\/4"}],"replies":[{"embeddable":true,"href":"https:\/\/www.cronicasdeitarantim.com.br\/v1\/wp-json\/wp\/v2\/comments?post=168939"}],"version-history":[{"count":2,"href":"https:\/\/www.cronicasdeitarantim.com.br\/v1\/wp-json\/wp\/v2\/posts\/168939\/revisions"}],"predecessor-version":[{"id":168943,"href":"https:\/\/www.cronicasdeitarantim.com.br\/v1\/wp-json\/wp\/v2\/posts\/168939\/revisions\/168943"}],"wp:featuredmedia":[{"embeddable":true,"href":"https:\/\/www.cronicasdeitarantim.com.br\/v1\/wp-json\/wp\/v2\/media\/168940"}],"wp:attachment":[{"href":"https:\/\/www.cronicasdeitarantim.com.br\/v1\/wp-json\/wp\/v2\/media?parent=168939"}],"wp:term":[{"taxonomy":"category","embeddable":true,"href":"https:\/\/www.cronicasdeitarantim.com.br\/v1\/wp-json\/wp\/v2\/categories?post=168939"},{"taxonomy":"post_tag","embeddable":true,"href":"https:\/\/www.cronicasdeitarantim.com.br\/v1\/wp-json\/wp\/v2\/tags?post=168939"}],"curies":[{"name":"wp","href":"https:\/\/api.w.org\/{rel}","templated":true}]}}