{"id":168836,"date":"2024-12-20T15:33:11","date_gmt":"2024-12-20T18:33:11","guid":{"rendered":"https:\/\/www.cronicasdeitarantim.com.br\/v1\/?p=168836"},"modified":"2024-12-20T15:37:28","modified_gmt":"2024-12-20T18:37:28","slug":"jeronimo-rodrigues-chama-oposicionistas-de-covardes-e-diz-que-silenciaram-com-operacao-overclean","status":"publish","type":"post","link":"https:\/\/www.cronicasdeitarantim.com.br\/v1\/2024\/12\/20\/jeronimo-rodrigues-chama-oposicionistas-de-covardes-e-diz-que-silenciaram-com-operacao-overclean\/","title":{"rendered":"Jer\u00f4nimo Rodrigues chama oposicionistas de covardes e diz que silenciaram com Opera\u00e7\u00e3o Overclean"},"content":{"rendered":"<div class=\"styles__Body-sc-1ffquwr-7 ePhtZb\">\n<h4>No dia seguinte \u00e0 soltura dos envolvidos na Opera\u00e7\u00e3o Overclean, o governador Jer\u00f4nimo Rodrigues criticou a decis\u00e3o da Justi\u00e7a e, sem citar nomes, cobrou posicionamento da oposi\u00e7\u00e3o sobre a opera\u00e7\u00e3o e os alvos.<\/h4>\n<h4>\u201cA oposi\u00e7\u00e3o se usa da covardia, t\u00e3o covarde que silenciaram agora, quando seus comparsas est\u00e3o metidos em coisas erradas do dinheiro p\u00fablico. S\u00e3o t\u00e3o covardes que n\u00e3o s\u00e3o capazes nem de defender os seus. Porque eu podia muito bem dizer, \u00f3, \u00e9 meu, vou defender\u201d, disse o governador.<\/h4>\n<h4>No \u00faltimo dia 10 de dezembro, a Opera\u00e7\u00e3o Overclean prendeu 15 pessoas suspeitas de envolvimento em um esquema de desvios de verbas do Departamento Nacional de Obras Contra as Secas (Dnocs), alguns deles t\u00eam rela\u00e7\u00e3o com a oposi\u00e7\u00e3o ao governo do estado. Entre os presos, estavam o ex-chefe do departamento, Lucas Lob\u00e3o, e os empres\u00e1rios Marcos Moura e Alex Parente. Al\u00e9m deles, foi preso tamb\u00e9m Fl\u00e1vio Henrique de Lacerda Pimenta, que ocupava o cargo comissionado de diretor-geral da Dire\u00e7\u00e3o Administrativa da Secretaria Municipal de Educa\u00e7\u00e3o (Smed).<\/h4>\n<h4>Nesta quinta-feira (19), o Tribunal Regional Federal da 1\u00aa Regi\u00e3o (TRF1) determinou a soltura dos envolvidos. A decis\u00e3o foi criticada pelo governador.<\/h4>\n<h4>\u201cEu espero que a Justi\u00e7a abra sempre os olhos. A liberdade \u00e9 um direito de todos. Ter o advogado defendendo \u00e9 um direito, mas que a gente n\u00e3o abre m\u00e3o da seriedade. Recursos que foram desviados [que eram] para levar \u00e1gua \u00e0queles que n\u00e3o t\u00eam \u00e1gua [&#8230;] A Justi\u00e7a n\u00e3o pode, em nome de ningu\u00e9m, fazer solturas, mesmo que com tornozeleira, sem que a sociedade saiba o que aconteceu. Quem est\u00e1 no seu direito, que se defenda, mas se estiver devendo, que se responsabilize pelo dinheiro p\u00fablico\u201d, disse Jer\u00f4nimo Rodrigues durante o evento de entrega de equipamentos no Batalh\u00e3o Especializado de Policiamento de Eventos (Bepe). (Com informa\u00e7\u00f5es do Metro1).<\/h4>\n<\/div>\n","protected":false},"excerpt":{"rendered":"<p>No dia seguinte \u00e0 soltura dos envolvidos na Opera\u00e7\u00e3o Overclean, o governador Jer\u00f4nimo Rodrigues criticou a decis\u00e3o da Justi\u00e7a e, sem citar nomes, cobrou posicionamento da oposi\u00e7\u00e3o sobre a opera\u00e7\u00e3o e os alvos. \u201cA oposi\u00e7\u00e3o se usa da covardia, t\u00e3o covarde que silenciaram agora, quando seus comparsas est\u00e3o metidos em coisas erradas do dinheiro p\u00fablico. S\u00e3o t\u00e3o covardes que n\u00e3o s\u00e3o capazes nem de defender os seus. Porque eu podia muito bem dizer, \u00f3, \u00e9 meu, vou defender\u201d, disse o governador. No \u00faltimo dia 10 de dezembro, a Opera\u00e7\u00e3o Overclean prendeu 15 pessoas suspeitas de envolvimento em um esquema de [&hellip;]<\/p>\n","protected":false},"author":4,"featured_media":168837,"comment_status":"open","ping_status":"open","sticky":false,"template":"","format":"standard","meta":[],"categories":[304],"tags":[76,1026,1780,773,3220],"_links":{"self":[{"href":"https:\/\/www.cronicasdeitarantim.com.br\/v1\/wp-json\/wp\/v2\/posts\/168836"}],"collection":[{"href":"https:\/\/www.cronicasdeitarantim.com.br\/v1\/wp-json\/wp\/v2\/posts"}],"about":[{"href":"https:\/\/www.cronicasdeitarantim.com.br\/v1\/wp-json\/wp\/v2\/types\/post"}],"author":[{"embeddable":true,"href":"https:\/\/www.cronicasdeitarantim.com.br\/v1\/wp-json\/wp\/v2\/users\/4"}],"replies":[{"embeddable":true,"href":"https:\/\/www.cronicasdeitarantim.com.br\/v1\/wp-json\/wp\/v2\/comments?post=168836"}],"version-history":[{"count":2,"href":"https:\/\/www.cronicasdeitarantim.com.br\/v1\/wp-json\/wp\/v2\/posts\/168836\/revisions"}],"predecessor-version":[{"id":168839,"href":"https:\/\/www.cronicasdeitarantim.com.br\/v1\/wp-json\/wp\/v2\/posts\/168836\/revisions\/168839"}],"wp:featuredmedia":[{"embeddable":true,"href":"https:\/\/www.cronicasdeitarantim.com.br\/v1\/wp-json\/wp\/v2\/media\/168837"}],"wp:attachment":[{"href":"https:\/\/www.cronicasdeitarantim.com.br\/v1\/wp-json\/wp\/v2\/media?parent=168836"}],"wp:term":[{"taxonomy":"category","embeddable":true,"href":"https:\/\/www.cronicasdeitarantim.com.br\/v1\/wp-json\/wp\/v2\/categories?post=168836"},{"taxonomy":"post_tag","embeddable":true,"href":"https:\/\/www.cronicasdeitarantim.com.br\/v1\/wp-json\/wp\/v2\/tags?post=168836"}],"curies":[{"name":"wp","href":"https:\/\/api.w.org\/{rel}","templated":true}]}}