{"id":168789,"date":"2024-12-19T08:46:41","date_gmt":"2024-12-19T11:46:41","guid":{"rendered":"https:\/\/www.cronicasdeitarantim.com.br\/v1\/?p=168789"},"modified":"2024-12-19T08:46:41","modified_gmt":"2024-12-19T11:46:41","slug":"tre-ba-confirma-novas-eleicoes-em-cidade-baiana-prefeito-eleito-responde-processo","status":"publish","type":"post","link":"https:\/\/www.cronicasdeitarantim.com.br\/v1\/2024\/12\/19\/tre-ba-confirma-novas-eleicoes-em-cidade-baiana-prefeito-eleito-responde-processo\/","title":{"rendered":"TRE-BA confirma novas elei\u00e7\u00f5es em cidade baiana, prefeito eleito responde processo"},"content":{"rendered":"<div class=\"conteudo_post\">\n<h4>O munic\u00edpio de Ruy Barbosa que fica no Centro Norte baiano, ter\u00e1 nova elei\u00e7\u00e3o. A informa\u00e7\u00e3o foi confirmada pela presidente do TRE (Tribunal Regional Eleitoral da BahiA), desembargador Abelardo Paulo da Matta Neto.<\/h4>\n<h4>O presidente fez o an\u00fancio na tarde desta quarta-feira (18), onde ele participa do diploma\u00e7\u00e3o dos vencedores das elei\u00e7\u00f5es municipais de Salvador, que acontece no Teatro SESC Casa do Com\u00e9rcio.<\/h4>\n<h4>Jos\u00e9 Bonif\u00e1cio Marques Dourado (MDB), prefeito eleito em outubro, teve sua candidatura posta sub judice devido \u00e0 rejei\u00e7\u00e3o por parte do TCM (Tribunal de Contas do Munic\u00edpio) da presta\u00e7\u00e3o de contas do ano de 2016.<\/h4>\n<h4>Ele \u00e9 suspeito de ter praticado desvios em recursos do Fundeb (Fundo de Manuten\u00e7\u00e3o e Desenvolvimento da Educa\u00e7\u00e3o B\u00e1sica e de Valoriza\u00e7\u00e3o dos Profissionais da Educa\u00e7\u00e3o). Ainda em outubro, o TRE-BA indeferiu o registro de candidatura do emedebista, que n\u00e3o recorreu da decis\u00e3o em tempo h\u00e1bil.<\/h4>\n<\/div>\n<div id=\"div-share\"><\/div>\n","protected":false},"excerpt":{"rendered":"<p>O munic\u00edpio de Ruy Barbosa que fica no Centro Norte baiano, ter\u00e1 nova elei\u00e7\u00e3o. A informa\u00e7\u00e3o foi confirmada pela presidente do TRE (Tribunal Regional Eleitoral da BahiA), desembargador Abelardo Paulo da Matta Neto. O presidente fez o an\u00fancio na tarde desta quarta-feira (18), onde ele participa do diploma\u00e7\u00e3o dos vencedores das elei\u00e7\u00f5es municipais de Salvador, que acontece no Teatro SESC Casa do Com\u00e9rcio. Jos\u00e9 Bonif\u00e1cio Marques Dourado (MDB), prefeito eleito em outubro, teve sua candidatura posta sub judice devido \u00e0 rejei\u00e7\u00e3o por parte do TCM (Tribunal de Contas do Munic\u00edpio) da presta\u00e7\u00e3o de contas do ano de 2016. Ele \u00e9 [&hellip;]<\/p>\n","protected":false},"author":4,"featured_media":168790,"comment_status":"open","ping_status":"open","sticky":false,"template":"","format":"standard","meta":[],"categories":[295],"tags":[76,1780,1772,3216,3217],"_links":{"self":[{"href":"https:\/\/www.cronicasdeitarantim.com.br\/v1\/wp-json\/wp\/v2\/posts\/168789"}],"collection":[{"href":"https:\/\/www.cronicasdeitarantim.com.br\/v1\/wp-json\/wp\/v2\/posts"}],"about":[{"href":"https:\/\/www.cronicasdeitarantim.com.br\/v1\/wp-json\/wp\/v2\/types\/post"}],"author":[{"embeddable":true,"href":"https:\/\/www.cronicasdeitarantim.com.br\/v1\/wp-json\/wp\/v2\/users\/4"}],"replies":[{"embeddable":true,"href":"https:\/\/www.cronicasdeitarantim.com.br\/v1\/wp-json\/wp\/v2\/comments?post=168789"}],"version-history":[{"count":1,"href":"https:\/\/www.cronicasdeitarantim.com.br\/v1\/wp-json\/wp\/v2\/posts\/168789\/revisions"}],"predecessor-version":[{"id":168791,"href":"https:\/\/www.cronicasdeitarantim.com.br\/v1\/wp-json\/wp\/v2\/posts\/168789\/revisions\/168791"}],"wp:featuredmedia":[{"embeddable":true,"href":"https:\/\/www.cronicasdeitarantim.com.br\/v1\/wp-json\/wp\/v2\/media\/168790"}],"wp:attachment":[{"href":"https:\/\/www.cronicasdeitarantim.com.br\/v1\/wp-json\/wp\/v2\/media?parent=168789"}],"wp:term":[{"taxonomy":"category","embeddable":true,"href":"https:\/\/www.cronicasdeitarantim.com.br\/v1\/wp-json\/wp\/v2\/categories?post=168789"},{"taxonomy":"post_tag","embeddable":true,"href":"https:\/\/www.cronicasdeitarantim.com.br\/v1\/wp-json\/wp\/v2\/tags?post=168789"}],"curies":[{"name":"wp","href":"https:\/\/api.w.org\/{rel}","templated":true}]}}