{"id":168779,"date":"2024-12-18T21:10:19","date_gmt":"2024-12-19T00:10:19","guid":{"rendered":"https:\/\/www.cronicasdeitarantim.com.br\/v1\/?p=168779"},"modified":"2024-12-18T21:10:57","modified_gmt":"2024-12-19T00:10:57","slug":"operacao-faz-apreensao-de-facas-e-facoes-em-conjunto-penal-de-eunapolis","status":"publish","type":"post","link":"https:\/\/www.cronicasdeitarantim.com.br\/v1\/2024\/12\/18\/operacao-faz-apreensao-de-facas-e-facoes-em-conjunto-penal-de-eunapolis\/","title":{"rendered":"Opera\u00e7\u00e3o faz apreens\u00e3o de facas e fac\u00f5es em Conjunto Penal de Eun\u00e1polis"},"content":{"rendered":"<div id=\"chunk-7okc1\">\n<div class=\"mc-column content-text active-extra-styles \" data-block-type=\"unstyled\" data-block-weight=\"43\" data-block-id=\"3\">\n<h4 class=\" content-text__container \" data-track-category=\"Link no Texto\" data-mrf-recirculation=\"Mat\u00e9ria - Links no Texto\">Diversos objetos il\u00edcitos foram apreendidos no\u00a0<strong>Conjunto Penal de\u00a0<\/strong><strong>Eun\u00e1polis<\/strong>, no extremo sul da Bahia, nesta semana, em revistas iniciadas ap\u00f3s a\u00a016 detentos fugirem da unidade. Entre o material, est\u00e3o\u00a0<span class=\"highlight highlighted\">96 facas e fac\u00f5es, 18 celulares, anota\u00e7\u00f5es com contabilidades suspeitas e pendrives<\/span>.<\/h4>\n<\/div>\n<\/div>\n<div id=\"chunk-54p51\">\n<div class=\"mc-column content-text active-extra-styles \" data-block-type=\"unstyled\" data-block-weight=\"48\" data-block-id=\"5\">\n<h4 class=\" content-text__container \" data-track-category=\"Link no Texto\" data-mrf-recirculation=\"Mat\u00e9ria - Links no Texto\">A informa\u00e7\u00e3o foi divulgadas pela\u00a0<strong>Secretaria de Administra\u00e7\u00e3o Penitenci\u00e1ria e Ressocializa\u00e7\u00e3o (Seap)<\/strong> nesta quarta-feira (18) e divulgada pelo portal G1, <span class=\"highlight highlighted\">seis dias ap\u00f3s a fuga<\/span>. At\u00e9 ent\u00e3o,\u00a0<span class=\"highlight highlighted\">nenhum fugitivo foi encontrado<\/span>. Por outro lado,\u00a0<span class=\"highlight highlighted\">tr\u00eas suspeitos de invadir a unidade morreram em confrontos com a Pol\u00edcia Militar (PM) e dois foram presos<\/span>.<\/h4>\n<\/div>\n<\/div>\n<div class=\"mc-column content-text active-extra-styles \" data-block-type=\"unstyled\" data-block-weight=\"42\" data-block-id=\"6\">\n<h4 class=\" content-text__container \" data-track-category=\"Link no Texto\" data-mrf-recirculation=\"Mat\u00e9ria - Links no Texto\">Conforme detalhou a Seap, oito celas foram vistoriadas durante a opera\u00e7\u00e3o deflagrada no local, na segunda (16) e ter\u00e7a-feira (17).\u00a0<span class=\"highlight highlighted\">Os materiais apreendidos ser\u00e3o analisados<\/span>, com o objetivo de esclarecer a responsabilidade e poss\u00edveis atividades criminosas com a participa\u00e7\u00e3o dos custodiados.<\/h4>\n<\/div>\n<h4 class=\"content-ads content-ads--reveal\" data-block-type=\"ads\" data-block-id=\"7\">Enquanto isso, <span class=\"highlight highlighted\">as visitas sociais seguem suspensas por cinco dias<\/span>. Familiares dos detentos que permanecem na unidade\u00a0<span class=\"highlight highlighted\">protestam por falta de informa\u00e7\u00f5es sobre eles<\/span>.<\/h4>\n<div data-block-type=\"ads\" data-block-id=\"7\">\n<h4 class=\" content-text__container \" data-track-category=\"Link no Texto\" data-mrf-recirculation=\"Mat\u00e9ria - Links no Texto\">Em nota, a pasta pontuou que a suspens\u00e3o da visita\u00e7\u00e3o dos internos considera a import\u00e2ncia das atividades operativas da interven\u00e7\u00e3o.<\/h4>\n<h4 class=\" content-text__container \" data-track-category=\"Link no Texto\" data-mrf-recirculation=\"Mat\u00e9ria - Links no Texto\">Segundo a Seap, al\u00e9m de emitir um comunicado, o diretor interventor do Conjunto Penal de Eun\u00e1polis, policial penal Jorge Magno, realizou, na ter\u00e7a-feira (17), uma reuni\u00e3o com defensores p\u00fablicos, respons\u00e1veis pela 5\u00aa Defensoria da cidade e com representantes da Comiss\u00e3o de Visitantes dos Presos.<\/h4>\n<div class=\"mc-column content-text active-extra-styles \" data-block-type=\"unstyled\" data-block-weight=\"24\" data-block-id=\"12\">\n<h4 class=\" content-text__container \" data-track-category=\"Link no Texto\" data-mrf-recirculation=\"Mat\u00e9ria - Links no Texto\">Durante o encontro, segundo afirmou a secretaria,\u00a0<span class=\"highlight highlighted\">foram esclarecidas as medidas e a\u00e7\u00f5es que est\u00e3o sendo implementadas na interven\u00e7\u00e3o, al\u00e9m do alinhamento de informa\u00e7\u00f5es<\/span>.<\/h4>\n<\/div>\n<div id=\"chunk-42h1s\">\n<div class=\"mc-column content-text active-extra-styles \" data-block-type=\"unstyled\" data-block-weight=\"49\" data-block-id=\"14\">\n<h4 class=\" content-text__container \" data-track-category=\"Link no Texto\" data-mrf-recirculation=\"Mat\u00e9ria - Links no Texto\">Para al\u00e9m das vistorias, a Seap informou que\u00a0<span class=\"highlight highlighted\">a\u00e7\u00f5es de gest\u00e3o administrativa realizam an\u00e1lises estruturais, para implementar melhorias prediais na unidade<\/span>. &#8220;Obras est\u00e3o com projetos em andamento, a exemplo de um muro e outras requalifica\u00e7\u00f5es nas estruturas que refletem diretamente na seguran\u00e7a do Conjunto Prisional&#8221;, afirmou em nota.<\/h4>\n<div class=\"mc-column content-text active-extra-styles \" data-block-type=\"unstyled\" data-block-weight=\"55\" data-block-id=\"17\">\n<h4 class=\" content-text__container \" data-track-category=\"Link no Texto\" data-mrf-recirculation=\"Mat\u00e9ria - Links no Texto\"><span class=\"highlight highlighted\">C\u00e2meras de seguran\u00e7a flagraram o momento que os 16 detentos fugiram do Conjunto Penal de Eun\u00e1polis<\/span>, na quinta-feira (12). Nas imagens conseguidas com exclusividade, \u00e9 poss\u00edvel ver quando quatro detentos correm na parte externa da unidade prisional. Outro v\u00eddeo mostra o momento que os foragidos contam com a ajuda de comparsas para sair do pres\u00eddio.<\/h4>\n<\/div>\n<div id=\"chunk-2obbc\">\n<div class=\"mc-column content-text active-extra-styles \" data-block-type=\"unstyled\" data-block-weight=\"49\" data-block-id=\"19\">\n<h4 class=\" content-text__container \" data-track-category=\"Link no Texto\" data-mrf-recirculation=\"Mat\u00e9ria - Links no Texto\">A fuga foi garantida por uma a\u00e7\u00e3o dupla. Segundo detalhou na \u00faltima semana o coronel Lu\u00eds Alberto Para\u00edso, comandante da Pol\u00edcia Regional na cidade, os internos perfuraram o teto de uma cela ao mesmo tempo em que\u00a0<span class=\"highlight highlighted\">pelo menos oito homens invadiram o pres\u00eddio<\/span>, atirando nos agentes de plant\u00e3o.<\/h4>\n<\/div>\n<\/div>\n<div id=\"chunk-787ec\">\n<div class=\"mc-column content-text active-extra-styles\" data-block-type=\"raw\" data-block-weight=\"45\" data-block-id=\"20\">\n<p class=\"content-text__container\" data-mrf-recirculation=\"Mat\u00e9ria - Links no Texto\">\n<\/div>\n<\/div>\n<\/div>\n<\/div>\n<div id=\"chunk-bgibt\">\n<div class=\"mc-column content-text active-extra-styles\" data-block-type=\"raw\" data-block-weight=\"4\" data-block-id=\"15\">\n<div class=\"content-intertitle\"><\/div>\n<\/div>\n<\/div>\n<\/div>\n","protected":false},"excerpt":{"rendered":"<p>Diversos objetos il\u00edcitos foram apreendidos no\u00a0Conjunto Penal de\u00a0Eun\u00e1polis, no extremo sul da Bahia, nesta semana, em revistas iniciadas ap\u00f3s a\u00a016 detentos fugirem da unidade. Entre o material, est\u00e3o\u00a096 facas e fac\u00f5es, 18 celulares, anota\u00e7\u00f5es com contabilidades suspeitas e pendrives. A informa\u00e7\u00e3o foi divulgadas pela\u00a0Secretaria de Administra\u00e7\u00e3o Penitenci\u00e1ria e Ressocializa\u00e7\u00e3o (Seap) nesta quarta-feira (18) e divulgada pelo portal G1, seis dias ap\u00f3s a fuga. At\u00e9 ent\u00e3o,\u00a0nenhum fugitivo foi encontrado. Por outro lado,\u00a0tr\u00eas suspeitos de invadir a unidade morreram em confrontos com a Pol\u00edcia Militar (PM) e dois foram presos. Conforme detalhou a Seap, oito celas foram vistoriadas durante a opera\u00e7\u00e3o deflagrada [&hellip;]<\/p>\n","protected":false},"author":4,"featured_media":168780,"comment_status":"open","ping_status":"open","sticky":false,"template":"","format":"standard","meta":[],"categories":[295],"tags":[716,3215,1780,443],"_links":{"self":[{"href":"https:\/\/www.cronicasdeitarantim.com.br\/v1\/wp-json\/wp\/v2\/posts\/168779"}],"collection":[{"href":"https:\/\/www.cronicasdeitarantim.com.br\/v1\/wp-json\/wp\/v2\/posts"}],"about":[{"href":"https:\/\/www.cronicasdeitarantim.com.br\/v1\/wp-json\/wp\/v2\/types\/post"}],"author":[{"embeddable":true,"href":"https:\/\/www.cronicasdeitarantim.com.br\/v1\/wp-json\/wp\/v2\/users\/4"}],"replies":[{"embeddable":true,"href":"https:\/\/www.cronicasdeitarantim.com.br\/v1\/wp-json\/wp\/v2\/comments?post=168779"}],"version-history":[{"count":3,"href":"https:\/\/www.cronicasdeitarantim.com.br\/v1\/wp-json\/wp\/v2\/posts\/168779\/revisions"}],"predecessor-version":[{"id":168783,"href":"https:\/\/www.cronicasdeitarantim.com.br\/v1\/wp-json\/wp\/v2\/posts\/168779\/revisions\/168783"}],"wp:featuredmedia":[{"embeddable":true,"href":"https:\/\/www.cronicasdeitarantim.com.br\/v1\/wp-json\/wp\/v2\/media\/168780"}],"wp:attachment":[{"href":"https:\/\/www.cronicasdeitarantim.com.br\/v1\/wp-json\/wp\/v2\/media?parent=168779"}],"wp:term":[{"taxonomy":"category","embeddable":true,"href":"https:\/\/www.cronicasdeitarantim.com.br\/v1\/wp-json\/wp\/v2\/categories?post=168779"},{"taxonomy":"post_tag","embeddable":true,"href":"https:\/\/www.cronicasdeitarantim.com.br\/v1\/wp-json\/wp\/v2\/tags?post=168779"}],"curies":[{"name":"wp","href":"https:\/\/api.w.org\/{rel}","templated":true}]}}