{"id":168672,"date":"2024-12-13T12:01:22","date_gmt":"2024-12-13T15:01:22","guid":{"rendered":"https:\/\/www.cronicasdeitarantim.com.br\/v1\/?p=168672"},"modified":"2024-12-13T12:01:22","modified_gmt":"2024-12-13T15:01:22","slug":"documentario-retratando-a-historia-de-itarantim-atraves-de-depoimentos-sera-lancado-dia-20","status":"publish","type":"post","link":"https:\/\/www.cronicasdeitarantim.com.br\/v1\/2024\/12\/13\/documentario-retratando-a-historia-de-itarantim-atraves-de-depoimentos-sera-lancado-dia-20\/","title":{"rendered":"Document\u00e1rio retratando a hist\u00f3ria de Itarantim atrav\u00e9s de depoimentos ser\u00e1 lan\u00e7ado dia 20"},"content":{"rendered":"<h4>Um document\u00e1rio contando parte da hist\u00f3ria de Itarantim ser\u00e1 lan\u00e7ado no pr\u00f3ximo dia 20 de dezembro. O material traz depoimentos importantes da hist\u00f3ria da cidade, vividos por sua gente, guardados em suas mem\u00f3rias e contados neste document\u00e1rio que servir\u00e1 aos acervos de Itarantim.<\/h4>\n<h4>Este document\u00e1rio \u00e9 apenas uma pequena parte da rica hist\u00f3ria desta cidade, repleta de hist\u00f3rias, contos e mist\u00e9rios. H\u00e1 muitas narrativas em Itarantim que n\u00e3o podem ser esquecidas ou deixar-se morrer na ferrugem do tempo e no esquecimento das pessoas.<\/h4>\n<p><a href=\"https:\/\/www.cronicasdeitarantim.com.br\/v1\/wp-content\/uploads\/2024\/12\/470136580_2073940966356474_4728337653767649987_n.jpg\"><img decoding=\"async\" loading=\"lazy\" class=\"size-full wp-image-168675 alignleft\" src=\"https:\/\/www.cronicasdeitarantim.com.br\/v1\/wp-content\/uploads\/2024\/12\/470136580_2073940966356474_4728337653767649987_n.jpg\" alt=\"\" width=\"508\" height=\"617\" srcset=\"https:\/\/www.cronicasdeitarantim.com.br\/v1\/wp-content\/uploads\/2024\/12\/470136580_2073940966356474_4728337653767649987_n.jpg 508w, https:\/\/www.cronicasdeitarantim.com.br\/v1\/wp-content\/uploads\/2024\/12\/470136580_2073940966356474_4728337653767649987_n-247x300.jpg 247w, https:\/\/www.cronicasdeitarantim.com.br\/v1\/wp-content\/uploads\/2024\/12\/470136580_2073940966356474_4728337653767649987_n-400x486.jpg 400w, https:\/\/www.cronicasdeitarantim.com.br\/v1\/wp-content\/uploads\/2024\/12\/470136580_2073940966356474_4728337653767649987_n-494x600.jpg 494w\" sizes=\"(max-width: 508px) 100vw, 508px\" \/><\/a><\/p>\n<h4>Acreditamos que este material, al\u00e9m de ser um retrato hist\u00f3rico, \u00e9 tamb\u00e9m uma obra po\u00e9tica deste local. Em todos os depoimentos, h\u00e1 poesias, amores e alegrias vividas, mas tamb\u00e9m dores&#8230;<\/h4>\n<h4>&#8220;L\u00e1 vem, l\u00e1 vem o cord\u00e3o esperan\u00e7oso, dando vivas aos seus maiorais. Quem t\u00e1 na frente vai passando para tr\u00e1s; o cord\u00e3o esperan\u00e7oso cada vez aumenta mais.&#8221; Seu Jo\u00e3o da Guanabara fez quest\u00e3o de cantar para n\u00f3s esta marchinha, trazendo v\u00e1rios simbolismos e abrindo espa\u00e7o para muitas interpreta\u00e7\u00f5es. E at\u00e9 ele mesmo nos perguntou: por que quem t\u00e1 na frente vai passando para tr\u00e1s? N\u00e3o sabemos.<\/h4>\n<h4>*ITARANTIM: UMA HIST\u00d3RIA CONTADA POR SUA GENTE!*<\/h4>\n<h4>O document\u00e1rio tem dire\u00e7\u00e3o executiva de Joabes Rodrigues, com roteiro e edi\u00e7\u00e3o de Ana Clara.<\/h4>\n<h4>Financiado pela Lei Paulo Gustavo, Minist\u00e9rio da Cultura.<br \/>\nSecretaria de Cultura, Esporte, Lazer, Turismo e Juventude da Prefeitura de Itarantim.<\/h4>\n","protected":false},"excerpt":{"rendered":"<p>Um document\u00e1rio contando parte da hist\u00f3ria de Itarantim ser\u00e1 lan\u00e7ado no pr\u00f3ximo dia 20 de dezembro. O material traz depoimentos importantes da hist\u00f3ria da cidade, vividos por sua gente, guardados em suas mem\u00f3rias e contados neste document\u00e1rio que servir\u00e1 aos acervos de Itarantim. Este document\u00e1rio \u00e9 apenas uma pequena parte da rica hist\u00f3ria desta cidade, repleta de hist\u00f3rias, contos e mist\u00e9rios. H\u00e1 muitas narrativas em Itarantim que n\u00e3o podem ser esquecidas ou deixar-se morrer na ferrugem do tempo e no esquecimento das pessoas. Acreditamos que este material, al\u00e9m de ser um retrato hist\u00f3rico, \u00e9 tamb\u00e9m uma obra po\u00e9tica deste local. [&hellip;]<\/p>\n","protected":false},"author":4,"featured_media":168675,"comment_status":"open","ping_status":"open","sticky":false,"template":"","format":"standard","meta":[],"categories":[538],"tags":[1780,110,400,810,385],"_links":{"self":[{"href":"https:\/\/www.cronicasdeitarantim.com.br\/v1\/wp-json\/wp\/v2\/posts\/168672"}],"collection":[{"href":"https:\/\/www.cronicasdeitarantim.com.br\/v1\/wp-json\/wp\/v2\/posts"}],"about":[{"href":"https:\/\/www.cronicasdeitarantim.com.br\/v1\/wp-json\/wp\/v2\/types\/post"}],"author":[{"embeddable":true,"href":"https:\/\/www.cronicasdeitarantim.com.br\/v1\/wp-json\/wp\/v2\/users\/4"}],"replies":[{"embeddable":true,"href":"https:\/\/www.cronicasdeitarantim.com.br\/v1\/wp-json\/wp\/v2\/comments?post=168672"}],"version-history":[{"count":2,"href":"https:\/\/www.cronicasdeitarantim.com.br\/v1\/wp-json\/wp\/v2\/posts\/168672\/revisions"}],"predecessor-version":[{"id":168676,"href":"https:\/\/www.cronicasdeitarantim.com.br\/v1\/wp-json\/wp\/v2\/posts\/168672\/revisions\/168676"}],"wp:featuredmedia":[{"embeddable":true,"href":"https:\/\/www.cronicasdeitarantim.com.br\/v1\/wp-json\/wp\/v2\/media\/168675"}],"wp:attachment":[{"href":"https:\/\/www.cronicasdeitarantim.com.br\/v1\/wp-json\/wp\/v2\/media?parent=168672"}],"wp:term":[{"taxonomy":"category","embeddable":true,"href":"https:\/\/www.cronicasdeitarantim.com.br\/v1\/wp-json\/wp\/v2\/categories?post=168672"},{"taxonomy":"post_tag","embeddable":true,"href":"https:\/\/www.cronicasdeitarantim.com.br\/v1\/wp-json\/wp\/v2\/tags?post=168672"}],"curies":[{"name":"wp","href":"https:\/\/api.w.org\/{rel}","templated":true}]}}