{"id":168412,"date":"2024-12-02T15:59:46","date_gmt":"2024-12-02T18:59:46","guid":{"rendered":"https:\/\/www.cronicasdeitarantim.com.br\/v1\/?p=168412"},"modified":"2024-12-02T15:59:46","modified_gmt":"2024-12-02T18:59:46","slug":"brain-rot-cerebro-podre-e-a-expressao-do-ano-de-acordo-dicionario-ingles-entenda","status":"publish","type":"post","link":"https:\/\/www.cronicasdeitarantim.com.br\/v1\/2024\/12\/02\/brain-rot-cerebro-podre-e-a-expressao-do-ano-de-acordo-dicionario-ingles-entenda\/","title":{"rendered":"&#8220;Brain Rot&#8221;, &#8220;C\u00e9rebro Podre&#8221; \u00e9 a express\u00e3o do ano de acordo dicion\u00e1rio ingl\u00eas, entenda"},"content":{"rendered":"<h4>DO CR\u00d4NICAS DE ITARANTIM &#8211; &#8220;C\u00e9rebro podre&#8221; \u00e9 a express\u00e3o do ano considerada pelo dicion\u00e1rio Oxford. Mas voc\u00ea sabia o porqu\u00ea dessa express\u00e3o e por que ela foi eleita a express\u00e3o do ano? O dicion\u00e1rio Oxford anunciou nesta segunda-feira, dia 2, que a express\u00e3o do ano em ingl\u00eas \u00e9 &#8220;brain rot&#8221;, que significa &#8220;c\u00e9rebro podre&#8221;.<\/h4>\n<h4>Mas o que significa essa express\u00e3o e de onde ela vem? De acordo com especialistas, refere-se \u00e0 deteriora\u00e7\u00e3o do c\u00e9rebro causada pelo consumo de conte\u00fado superficial nas redes sociais. Esses conte\u00fados, basicamente superficiais, podem levar o c\u00e9rebro da pessoa a &#8220;morrer&#8221; com o tempo. O termo foi usado pela primeira vez em 1854 por um escritor ingl\u00eas que fazia refer\u00eancia a batatas que apodreciam.<\/h4>\n<h4>Ainda segundo os pesquisadores do dicion\u00e1rio Oxford, a procura pela express\u00e3o cresceu nas redes sociais, o que se deve \u00e0 preocupa\u00e7\u00e3o com os conte\u00fados dispon\u00edveis atualmente na internet, que afetam diretamente a mente de adolescentes e jovens que consomem incessantemente uma quantidade grande de conte\u00fados de baixa\u00a0qualidade.<\/h4>\n","protected":false},"excerpt":{"rendered":"<p>DO CR\u00d4NICAS DE ITARANTIM &#8211; &#8220;C\u00e9rebro podre&#8221; \u00e9 a express\u00e3o do ano considerada pelo dicion\u00e1rio Oxford. Mas voc\u00ea sabia o porqu\u00ea dessa express\u00e3o e por que ela foi eleita a express\u00e3o do ano? O dicion\u00e1rio Oxford anunciou nesta segunda-feira, dia 2, que a express\u00e3o do ano em ingl\u00eas \u00e9 &#8220;brain rot&#8221;, que significa &#8220;c\u00e9rebro podre&#8221;. Mas o que significa essa express\u00e3o e de onde ela vem? De acordo com especialistas, refere-se \u00e0 deteriora\u00e7\u00e3o do c\u00e9rebro causada pelo consumo de conte\u00fado superficial nas redes sociais. Esses conte\u00fados, basicamente superficiais, podem levar o c\u00e9rebro da pessoa a &#8220;morrer&#8221; com o tempo. O [&hellip;]<\/p>\n","protected":false},"author":4,"featured_media":168413,"comment_status":"open","ping_status":"open","sticky":false,"template":"","format":"standard","meta":[],"categories":[1],"tags":[3185,1780,1839,3184,456,3186],"_links":{"self":[{"href":"https:\/\/www.cronicasdeitarantim.com.br\/v1\/wp-json\/wp\/v2\/posts\/168412"}],"collection":[{"href":"https:\/\/www.cronicasdeitarantim.com.br\/v1\/wp-json\/wp\/v2\/posts"}],"about":[{"href":"https:\/\/www.cronicasdeitarantim.com.br\/v1\/wp-json\/wp\/v2\/types\/post"}],"author":[{"embeddable":true,"href":"https:\/\/www.cronicasdeitarantim.com.br\/v1\/wp-json\/wp\/v2\/users\/4"}],"replies":[{"embeddable":true,"href":"https:\/\/www.cronicasdeitarantim.com.br\/v1\/wp-json\/wp\/v2\/comments?post=168412"}],"version-history":[{"count":1,"href":"https:\/\/www.cronicasdeitarantim.com.br\/v1\/wp-json\/wp\/v2\/posts\/168412\/revisions"}],"predecessor-version":[{"id":168414,"href":"https:\/\/www.cronicasdeitarantim.com.br\/v1\/wp-json\/wp\/v2\/posts\/168412\/revisions\/168414"}],"wp:featuredmedia":[{"embeddable":true,"href":"https:\/\/www.cronicasdeitarantim.com.br\/v1\/wp-json\/wp\/v2\/media\/168413"}],"wp:attachment":[{"href":"https:\/\/www.cronicasdeitarantim.com.br\/v1\/wp-json\/wp\/v2\/media?parent=168412"}],"wp:term":[{"taxonomy":"category","embeddable":true,"href":"https:\/\/www.cronicasdeitarantim.com.br\/v1\/wp-json\/wp\/v2\/categories?post=168412"},{"taxonomy":"post_tag","embeddable":true,"href":"https:\/\/www.cronicasdeitarantim.com.br\/v1\/wp-json\/wp\/v2\/tags?post=168412"}],"curies":[{"name":"wp","href":"https:\/\/api.w.org\/{rel}","templated":true}]}}