{"id":168192,"date":"2024-11-28T09:05:52","date_gmt":"2024-11-28T12:05:52","guid":{"rendered":"https:\/\/www.cronicasdeitarantim.com.br\/v1\/?p=168192"},"modified":"2024-11-28T09:05:52","modified_gmt":"2024-11-28T12:05:52","slug":"governo-lula-sanciona-lei-que-autoriza-r-500-mi-para-agricultura-familiar","status":"publish","type":"post","link":"https:\/\/www.cronicasdeitarantim.com.br\/v1\/2024\/11\/28\/governo-lula-sanciona-lei-que-autoriza-r-500-mi-para-agricultura-familiar\/","title":{"rendered":"Governo Lula sanciona lei que autoriza R$ 500 mi para agricultura familiar"},"content":{"rendered":"<div class=\"conteudo_post\">\n<h4>O presidente Luiz In\u00e1cio Lula da Silva sancionou, nesta quarta-feira (27), a lei que autoriza o governo a aumentar a participa\u00e7\u00e3o em at\u00e9 R$ 500 milh\u00f5es no Fundo Garantidor de Opera\u00e7\u00f5es (FGO) no \u00e2mbito do Programa Nacional de Fortalecimento da Agricultura Familiar (Pronaf).<\/h4>\n<h4>O objetivo da Lei 2.750\/2024 \u00e9 refor\u00e7ar as garantias de acesso de financiamento para os agricultores. Uma cerim\u00f4nia no Pal\u00e1cio do Planalto celebrou a nova legisla\u00e7\u00e3o que pode beneficiar trabalhadores do campo em todo o pa\u00eds.<\/h4>\n<h4>Alimenta\u00e7\u00e3o saud\u00e1vel<br \/>\nNa assinatura da lei, o ministro Paulo Teixeira, do Desenvolvimento Agr\u00e1rio e Agricultura Familiar, enfatizou que o investimento ser\u00e1 importante tamb\u00e9m para incentivar a alimenta\u00e7\u00e3o saud\u00e1vel ao beneficiar a agricultura ecol\u00f3gica e org\u00e2nica por linha de cr\u00e9dito do Pronaf.<\/h4>\n<h4>Teixeira citou que houve aumento do financiamento para a produ\u00e7\u00e3o de itens como feij\u00e3o (176%), cebola (56%), batata (24%), laranja (28%) e o a\u00e7a\u00ed (226%).<\/h4>\n<h4>Alta<br \/>\nO governo defende que agricultura familiar \u00e9 uma prioridade de investimento. No Plano Safra da Agricultura Familiar 2023-2024, foram destinados R$ 71,6 bilh\u00f5es ao Pronaf, que foi 34% superior ao ano anterior e o maior da s\u00e9rie hist\u00f3rica, conforme foi divulgado em julho.<\/h4>\n<h4>Na safra 2022\/2023, ainda segundo o governo, foram realizados 1,4 milh\u00e3o de contratos de cr\u00e9dito pelo Pronaf. A quantidade foi maior na safra entre julho 2023 e junho de 2024, com 1,6 milh\u00e3o de opera\u00e7\u00f5es (aumento de 16,2%).<\/h4>\n<h4>Tamb\u00e9m houve amplia\u00e7\u00e3o nos valores contratados por agricultores e produtores rurais familiares. Em 2022\/2023, foram R$ 53,2 bilh\u00f5es. J\u00e1 em 2023\/2024, o montante contratado por meio do Pronaf foi de R$ 59,6 bilh\u00f5es, 12,1% a mais.<\/h4>\n<h4>Criado em 1996, o Pronaf tem a finalidade promover o desenvolvimento sustent\u00e1vel do meio rural com a\u00e7\u00f5es para implementar o aumento da capacidade produtiva, e a gera\u00e7\u00e3o de empregos e renda.<\/h4>\n<\/div>\n<div id=\"div-share\"><\/div>\n","protected":false},"excerpt":{"rendered":"<p>O presidente Luiz In\u00e1cio Lula da Silva sancionou, nesta quarta-feira (27), a lei que autoriza o governo a aumentar a participa\u00e7\u00e3o em at\u00e9 R$ 500 milh\u00f5es no Fundo Garantidor de Opera\u00e7\u00f5es (FGO) no \u00e2mbito do Programa Nacional de Fortalecimento da Agricultura Familiar (Pronaf). O objetivo da Lei 2.750\/2024 \u00e9 refor\u00e7ar as garantias de acesso de financiamento para os agricultores. Uma cerim\u00f4nia no Pal\u00e1cio do Planalto celebrou a nova legisla\u00e7\u00e3o que pode beneficiar trabalhadores do campo em todo o pa\u00eds. Alimenta\u00e7\u00e3o saud\u00e1vel Na assinatura da lei, o ministro Paulo Teixeira, do Desenvolvimento Agr\u00e1rio e Agricultura Familiar, enfatizou que o investimento ser\u00e1 [&hellip;]<\/p>\n","protected":false},"author":4,"featured_media":168193,"comment_status":"open","ping_status":"open","sticky":false,"template":"","format":"standard","meta":[],"categories":[296],"tags":[2078,486,1780,127,1714],"_links":{"self":[{"href":"https:\/\/www.cronicasdeitarantim.com.br\/v1\/wp-json\/wp\/v2\/posts\/168192"}],"collection":[{"href":"https:\/\/www.cronicasdeitarantim.com.br\/v1\/wp-json\/wp\/v2\/posts"}],"about":[{"href":"https:\/\/www.cronicasdeitarantim.com.br\/v1\/wp-json\/wp\/v2\/types\/post"}],"author":[{"embeddable":true,"href":"https:\/\/www.cronicasdeitarantim.com.br\/v1\/wp-json\/wp\/v2\/users\/4"}],"replies":[{"embeddable":true,"href":"https:\/\/www.cronicasdeitarantim.com.br\/v1\/wp-json\/wp\/v2\/comments?post=168192"}],"version-history":[{"count":1,"href":"https:\/\/www.cronicasdeitarantim.com.br\/v1\/wp-json\/wp\/v2\/posts\/168192\/revisions"}],"predecessor-version":[{"id":168194,"href":"https:\/\/www.cronicasdeitarantim.com.br\/v1\/wp-json\/wp\/v2\/posts\/168192\/revisions\/168194"}],"wp:featuredmedia":[{"embeddable":true,"href":"https:\/\/www.cronicasdeitarantim.com.br\/v1\/wp-json\/wp\/v2\/media\/168193"}],"wp:attachment":[{"href":"https:\/\/www.cronicasdeitarantim.com.br\/v1\/wp-json\/wp\/v2\/media?parent=168192"}],"wp:term":[{"taxonomy":"category","embeddable":true,"href":"https:\/\/www.cronicasdeitarantim.com.br\/v1\/wp-json\/wp\/v2\/categories?post=168192"},{"taxonomy":"post_tag","embeddable":true,"href":"https:\/\/www.cronicasdeitarantim.com.br\/v1\/wp-json\/wp\/v2\/tags?post=168192"}],"curies":[{"name":"wp","href":"https:\/\/api.w.org\/{rel}","templated":true}]}}