{"id":168158,"date":"2024-11-26T11:42:02","date_gmt":"2024-11-26T14:42:02","guid":{"rendered":"https:\/\/www.cronicasdeitarantim.com.br\/v1\/?p=168158"},"modified":"2024-11-26T11:58:09","modified_gmt":"2024-11-26T14:58:09","slug":"itarantim-contra-fechamento-do-colegio-luiz-rogerio-pais-e-maes-de-alunos-farao-manifestacao","status":"publish","type":"post","link":"https:\/\/www.cronicasdeitarantim.com.br\/v1\/2024\/11\/26\/itarantim-contra-fechamento-do-colegio-luiz-rogerio-pais-e-maes-de-alunos-farao-manifestacao\/","title":{"rendered":"Itarantim: Contra fechamento do col\u00e9gio Luiz Rog\u00e9rio, pais e m\u00e3es de alunos far\u00e3o manifesta\u00e7\u00e3o"},"content":{"rendered":"<h3>Uma manifesta\u00e7\u00e3o de pais e m\u00e3es de alunos, em Itarantim est\u00e1 ocorrendo desde a semana passada em protesto contra o fechamento do Col\u00e9gio Luiz Rog\u00e9rio, localizado no centro da cidade. Segundo informa\u00e7\u00f5es obtidas pela reda\u00e7\u00e3o do site Cr\u00f4nicas de Itarantim, o col\u00e9gio vem sendo especulado que ser\u00e1 fechado para acomodar a Guarda Municipal.<\/h3>\n<h3>Em contato com algumas m\u00e3es e pais de alunos, n\u00f3s formos informados que um abaixo-assinado est\u00e1 sendo organizado e uma manifesta\u00e7\u00e3o est\u00e1 planejada para esta ter\u00e7a-feira (26) na C\u00e2mara de Vereadores, na sess\u00e3o ordin\u00e1ria.<\/h3>\n<h3>Os pais e m\u00e3es dos alunos expressaram preocupa\u00e7\u00f5es de que o fechamento do col\u00e9gio causar\u00e1 transtornos na rotina dos estudantes, motivando a mobiliza\u00e7\u00e3o para que o poder p\u00fablico, a Prefeitura reverta a decis\u00e3o.<\/h3>\n<h3>Na sess\u00e3o anterior da C\u00e2mara, o vereador presidente da casa legislativa, Zeza, falou sobre o assunto, e espera-se que a sess\u00e3o desta noite tamb\u00e9m aborde essa quest\u00e3o. Acredita-se que muitos pais e m\u00e3es comparecer\u00e3o para se manifestar.<\/h3>\n<p><a href=\"https:\/\/www.cronicasdeitarantim.com.br\/v1\/wp-content\/uploads\/2024\/11\/Imagem-do-WhatsApp-de-2024-11-26-as-09.49.03_20d8e7b4.jpg\"><img decoding=\"async\" loading=\"lazy\" class=\"alignnone size-full wp-image-168160\" src=\"https:\/\/www.cronicasdeitarantim.com.br\/v1\/wp-content\/uploads\/2024\/11\/Imagem-do-WhatsApp-de-2024-11-26-as-09.49.03_20d8e7b4.jpg\" alt=\"\" width=\"730\" height=\"730\" \/><\/a><\/p>\n","protected":false},"excerpt":{"rendered":"<p>Uma manifesta\u00e7\u00e3o de pais e m\u00e3es de alunos, em Itarantim est\u00e1 ocorrendo desde a semana passada em protesto contra o fechamento do Col\u00e9gio Luiz Rog\u00e9rio, localizado no centro da cidade. Segundo informa\u00e7\u00f5es obtidas pela reda\u00e7\u00e3o do site Cr\u00f4nicas de Itarantim, o col\u00e9gio vem sendo especulado que ser\u00e1 fechado para acomodar a Guarda Municipal. Em contato com algumas m\u00e3es e pais de alunos, n\u00f3s formos informados que um abaixo-assinado est\u00e1 sendo organizado e uma manifesta\u00e7\u00e3o est\u00e1 planejada para esta ter\u00e7a-feira (26) na C\u00e2mara de Vereadores, na sess\u00e3o ordin\u00e1ria. Os pais e m\u00e3es dos alunos expressaram preocupa\u00e7\u00f5es de que o fechamento do [&hellip;]<\/p>\n","protected":false},"author":4,"featured_media":168157,"comment_status":"open","ping_status":"open","sticky":false,"template":"","format":"standard","meta":[],"categories":[363],"tags":[1802,1780,130,2329,385,439],"_links":{"self":[{"href":"https:\/\/www.cronicasdeitarantim.com.br\/v1\/wp-json\/wp\/v2\/posts\/168158"}],"collection":[{"href":"https:\/\/www.cronicasdeitarantim.com.br\/v1\/wp-json\/wp\/v2\/posts"}],"about":[{"href":"https:\/\/www.cronicasdeitarantim.com.br\/v1\/wp-json\/wp\/v2\/types\/post"}],"author":[{"embeddable":true,"href":"https:\/\/www.cronicasdeitarantim.com.br\/v1\/wp-json\/wp\/v2\/users\/4"}],"replies":[{"embeddable":true,"href":"https:\/\/www.cronicasdeitarantim.com.br\/v1\/wp-json\/wp\/v2\/comments?post=168158"}],"version-history":[{"count":2,"href":"https:\/\/www.cronicasdeitarantim.com.br\/v1\/wp-json\/wp\/v2\/posts\/168158\/revisions"}],"predecessor-version":[{"id":168161,"href":"https:\/\/www.cronicasdeitarantim.com.br\/v1\/wp-json\/wp\/v2\/posts\/168158\/revisions\/168161"}],"wp:featuredmedia":[{"embeddable":true,"href":"https:\/\/www.cronicasdeitarantim.com.br\/v1\/wp-json\/wp\/v2\/media\/168157"}],"wp:attachment":[{"href":"https:\/\/www.cronicasdeitarantim.com.br\/v1\/wp-json\/wp\/v2\/media?parent=168158"}],"wp:term":[{"taxonomy":"category","embeddable":true,"href":"https:\/\/www.cronicasdeitarantim.com.br\/v1\/wp-json\/wp\/v2\/categories?post=168158"},{"taxonomy":"post_tag","embeddable":true,"href":"https:\/\/www.cronicasdeitarantim.com.br\/v1\/wp-json\/wp\/v2\/tags?post=168158"}],"curies":[{"name":"wp","href":"https:\/\/api.w.org\/{rel}","templated":true}]}}