{"id":168102,"date":"2024-11-23T16:53:11","date_gmt":"2024-11-23T19:53:11","guid":{"rendered":"https:\/\/www.cronicasdeitarantim.com.br\/v1\/?p=168102"},"modified":"2024-11-23T17:29:35","modified_gmt":"2024-11-23T20:29:35","slug":"acidente-com-onibus-da-novo-horizonte-e-carreta-deixa-uma-pessoa-morta","status":"publish","type":"post","link":"https:\/\/www.cronicasdeitarantim.com.br\/v1\/2024\/11\/23\/acidente-com-onibus-da-novo-horizonte-e-carreta-deixa-uma-pessoa-morta\/","title":{"rendered":"Acidente com \u00f4nibus da Novo Horizonte e carreta deixa uma pessoa morta"},"content":{"rendered":"<h4>Acidente na BA-245 em um trecho de Ibirapitanga no sul da Bahia deixa uma pessoa morta. Imagens mostram um \u00f4nibus da Novo Horizonte que bateu de frente com uma carreta deixando uma pessoa morta e um ferido na manh\u00e3 deste s\u00e1bado (23). De acordo com informa\u00e7\u00f5es, equipes de resgates socorreram as v\u00edtimas para o hospital da cidade de Ibirapitanga. A v\u00edtima que veio a \u00f3bito n\u00e3o teve sua identidade divulgada e at\u00e9 o momento n\u00e3o temos informa\u00e7\u00f5es sobre o estado de sa\u00fade da pessoa ferida.<\/h4>\n<p>Confira v\u00eddeo no nosso Instagram:<\/p>\n<h4><a href=\"https:\/\/www.instagram.com\/reel\/DCudajsPVuW\/?utm_source=ig_web_copy_link&amp;igsh=MzRlODBiNWFlZA==\">https:\/\/www.instagram.com\/reel\/DCudajsPVuW\/?utm_source=ig_web_copy_link&amp;igsh=MzRlODBiNWFlZA==<\/a><\/h4>\n","protected":false},"excerpt":{"rendered":"<p>Acidente na BA-245 em um trecho de Ibirapitanga no sul da Bahia deixa uma pessoa morta. Imagens mostram um \u00f4nibus da Novo Horizonte que bateu de frente com uma carreta deixando uma pessoa morta e um ferido na manh\u00e3 deste s\u00e1bado (23). De acordo com informa\u00e7\u00f5es, equipes de resgates socorreram as v\u00edtimas para o hospital da cidade de Ibirapitanga. A v\u00edtima que veio a \u00f3bito n\u00e3o teve sua identidade divulgada e at\u00e9 o momento n\u00e3o temos informa\u00e7\u00f5es sobre o estado de sa\u00fade da pessoa ferida. Confira v\u00eddeo no nosso Instagram: https:\/\/www.instagram.com\/reel\/DCudajsPVuW\/?utm_source=ig_web_copy_link&amp;igsh=MzRlODBiNWFlZA==<\/p>\n","protected":false},"author":4,"featured_media":168103,"comment_status":"open","ping_status":"open","sticky":false,"template":"","format":"standard","meta":[],"categories":[306],"tags":[594,76,1780],"_links":{"self":[{"href":"https:\/\/www.cronicasdeitarantim.com.br\/v1\/wp-json\/wp\/v2\/posts\/168102"}],"collection":[{"href":"https:\/\/www.cronicasdeitarantim.com.br\/v1\/wp-json\/wp\/v2\/posts"}],"about":[{"href":"https:\/\/www.cronicasdeitarantim.com.br\/v1\/wp-json\/wp\/v2\/types\/post"}],"author":[{"embeddable":true,"href":"https:\/\/www.cronicasdeitarantim.com.br\/v1\/wp-json\/wp\/v2\/users\/4"}],"replies":[{"embeddable":true,"href":"https:\/\/www.cronicasdeitarantim.com.br\/v1\/wp-json\/wp\/v2\/comments?post=168102"}],"version-history":[{"count":2,"href":"https:\/\/www.cronicasdeitarantim.com.br\/v1\/wp-json\/wp\/v2\/posts\/168102\/revisions"}],"predecessor-version":[{"id":168108,"href":"https:\/\/www.cronicasdeitarantim.com.br\/v1\/wp-json\/wp\/v2\/posts\/168102\/revisions\/168108"}],"wp:featuredmedia":[{"embeddable":true,"href":"https:\/\/www.cronicasdeitarantim.com.br\/v1\/wp-json\/wp\/v2\/media\/168103"}],"wp:attachment":[{"href":"https:\/\/www.cronicasdeitarantim.com.br\/v1\/wp-json\/wp\/v2\/media?parent=168102"}],"wp:term":[{"taxonomy":"category","embeddable":true,"href":"https:\/\/www.cronicasdeitarantim.com.br\/v1\/wp-json\/wp\/v2\/categories?post=168102"},{"taxonomy":"post_tag","embeddable":true,"href":"https:\/\/www.cronicasdeitarantim.com.br\/v1\/wp-json\/wp\/v2\/tags?post=168102"}],"curies":[{"name":"wp","href":"https:\/\/api.w.org\/{rel}","templated":true}]}}