{"id":168074,"date":"2024-11-21T12:05:23","date_gmt":"2024-11-21T15:05:23","guid":{"rendered":"https:\/\/www.cronicasdeitarantim.com.br\/v1\/?p=168074"},"modified":"2024-11-21T12:05:41","modified_gmt":"2024-11-21T15:05:41","slug":"ladroes-roubam-caminhao-com-carga-de-cacau-avaliada-em-r-400-mil-no-sul-da-bahia","status":"publish","type":"post","link":"https:\/\/www.cronicasdeitarantim.com.br\/v1\/2024\/11\/21\/ladroes-roubam-caminhao-com-carga-de-cacau-avaliada-em-r-400-mil-no-sul-da-bahia\/","title":{"rendered":"Ladr\u00f5es roubam caminh\u00e3o com carga de cacau avaliada em R$ 400 mil no sul da Bahia"},"content":{"rendered":"<article id=\"post-227296\" class=\"post-227296 post type-post status-publish format-standard has-post-thumbnail hentry category-bahia\">\n<div class=\"container-post\">\n<div class=\"entry-content\">\n<h4>Um caminh\u00e3o carregado com 100 sacas de cacau, avaliada em aproximadamente R$ 400 mil, foi alvo de um assalto na manh\u00e3 desta quarta-feira (20), na regi\u00e3o de Defundo Lavado, zona rural de Itabela, no sul da Bahia. O crime foi praticado por uma quadrilha composta por quatro homens armados.<\/h4>\n<h4>De acordo com relatos do motorista, de 51 anos, e do ajudante, de 59, o ve\u00edculo foi interceptado enquanto trafegava por uma estrada vicinal. Os assaltantes renderam as v\u00edtimas, assumiram o controle do caminh\u00e3o e fugiram em dire\u00e7\u00e3o \u00e0 BR-101, seguindo no sentido do munic\u00edpio de Itapebi.<\/h4>\n<h4>O motorista e o ajudante foram mantidos ref\u00e9ns dentro do caminh\u00e3o por cerca de 90 quil\u00f4metros at\u00e9 serem liberados pelos criminosos. Al\u00e9m da valiosa carga, o ve\u00edculo roubado trata-se de um Mercedes Benz, placa FZX4179.<\/h4>\n<h4>\u00a0A pol\u00edcia investiga o caso e busca por informa\u00e7\u00f5es que possam levar \u00e0 identifica\u00e7\u00e3o da quadrilha. O roubo de cargas segue sendo uma preocupa\u00e7\u00e3o para transportadores e produtores da regi\u00e3o, especialmente no eixo da BR-101, onde epis\u00f3dios semelhantes j\u00e1 foram registrados.<\/h4>\n<\/div>\n<footer class=\"entry-footer\"><\/footer>\n<\/div>\n<\/article>\n<div class=\"widget_text widget-image col-md-12\">\n<div class=\"textwidget custom-html-widget\">\n<div class=\"text-center\"><\/div>\n<\/div>\n<\/div>\n","protected":false},"excerpt":{"rendered":"<p>Um caminh\u00e3o carregado com 100 sacas de cacau, avaliada em aproximadamente R$ 400 mil, foi alvo de um assalto na manh\u00e3 desta quarta-feira (20), na regi\u00e3o de Defundo Lavado, zona rural de Itabela, no sul da Bahia. O crime foi praticado por uma quadrilha composta por quatro homens armados. De acordo com relatos do motorista, de 51 anos, e do ajudante, de 59, o ve\u00edculo foi interceptado enquanto trafegava por uma estrada vicinal. Os assaltantes renderam as v\u00edtimas, assumiram o controle do caminh\u00e3o e fugiram em dire\u00e7\u00e3o \u00e0 BR-101, seguindo no sentido do munic\u00edpio de Itapebi. O motorista e o [&hellip;]<\/p>\n","protected":false},"author":4,"featured_media":168075,"comment_status":"open","ping_status":"open","sticky":false,"template":"","format":"standard","meta":[],"categories":[306],"tags":[2944,1780,434,537,1028],"_links":{"self":[{"href":"https:\/\/www.cronicasdeitarantim.com.br\/v1\/wp-json\/wp\/v2\/posts\/168074"}],"collection":[{"href":"https:\/\/www.cronicasdeitarantim.com.br\/v1\/wp-json\/wp\/v2\/posts"}],"about":[{"href":"https:\/\/www.cronicasdeitarantim.com.br\/v1\/wp-json\/wp\/v2\/types\/post"}],"author":[{"embeddable":true,"href":"https:\/\/www.cronicasdeitarantim.com.br\/v1\/wp-json\/wp\/v2\/users\/4"}],"replies":[{"embeddable":true,"href":"https:\/\/www.cronicasdeitarantim.com.br\/v1\/wp-json\/wp\/v2\/comments?post=168074"}],"version-history":[{"count":1,"href":"https:\/\/www.cronicasdeitarantim.com.br\/v1\/wp-json\/wp\/v2\/posts\/168074\/revisions"}],"predecessor-version":[{"id":168076,"href":"https:\/\/www.cronicasdeitarantim.com.br\/v1\/wp-json\/wp\/v2\/posts\/168074\/revisions\/168076"}],"wp:featuredmedia":[{"embeddable":true,"href":"https:\/\/www.cronicasdeitarantim.com.br\/v1\/wp-json\/wp\/v2\/media\/168075"}],"wp:attachment":[{"href":"https:\/\/www.cronicasdeitarantim.com.br\/v1\/wp-json\/wp\/v2\/media?parent=168074"}],"wp:term":[{"taxonomy":"category","embeddable":true,"href":"https:\/\/www.cronicasdeitarantim.com.br\/v1\/wp-json\/wp\/v2\/categories?post=168074"},{"taxonomy":"post_tag","embeddable":true,"href":"https:\/\/www.cronicasdeitarantim.com.br\/v1\/wp-json\/wp\/v2\/tags?post=168074"}],"curies":[{"name":"wp","href":"https:\/\/api.w.org\/{rel}","templated":true}]}}