{"id":168011,"date":"2024-11-18T14:58:42","date_gmt":"2024-11-18T17:58:42","guid":{"rendered":"https:\/\/www.cronicasdeitarantim.com.br\/v1\/?p=168011"},"modified":"2024-11-18T14:58:42","modified_gmt":"2024-11-18T17:58:42","slug":"semana-comeca-em-itarantim-com-tempo-fechado-e-previsao-de-chuvas","status":"publish","type":"post","link":"https:\/\/www.cronicasdeitarantim.com.br\/v1\/2024\/11\/18\/semana-comeca-em-itarantim-com-tempo-fechado-e-previsao-de-chuvas\/","title":{"rendered":"Semana come\u00e7a em Itarantim com tempo fechado e previs\u00e3o de chuvas"},"content":{"rendered":"<h4>A semana come\u00e7a em Itarantim com tempo fechado e muita previs\u00e3o de chuvas para a cidade durante essa semana. Estamos ainda na primavera, nesta esta\u00e7\u00e3o at\u00e9 o ver\u00e3o que come\u00e7a no dia 21 de dezembro, \u00e9 bem comum chuvas pesadas, chamadas chuvas das \u00e1guas. Mas por enquanto as chuvas que t\u00eam ca\u00eddo em Itarantim t\u00eam sido chuvas t\u00edpicas de inverno.<\/h4>\n<h4>A meteorologia at\u00e9 dias atr\u00e1s estava indicando para o m\u00eas de novembro muita chuva para a regi\u00e3o sudoeste, para Itarantim as previs\u00f5es eram de chuva forte na cidade. Mas as previs\u00f5es para at\u00e9 o fim deste m\u00eas s\u00e3o de chuvas, assim indica o clima tempo para essa regi\u00e3o.<\/h4>\n","protected":false},"excerpt":{"rendered":"<p>A semana come\u00e7a em Itarantim com tempo fechado e muita previs\u00e3o de chuvas para a cidade durante essa semana. Estamos ainda na primavera, nesta esta\u00e7\u00e3o at\u00e9 o ver\u00e3o que come\u00e7a no dia 21 de dezembro, \u00e9 bem comum chuvas pesadas, chamadas chuvas das \u00e1guas. Mas por enquanto as chuvas que t\u00eam ca\u00eddo em Itarantim t\u00eam sido chuvas t\u00edpicas de inverno. A meteorologia at\u00e9 dias atr\u00e1s estava indicando para o m\u00eas de novembro muita chuva para a regi\u00e3o sudoeste, para Itarantim as previs\u00f5es eram de chuva forte na cidade. Mas as previs\u00f5es para at\u00e9 o fim deste m\u00eas s\u00e3o de chuvas, [&hellip;]<\/p>\n","protected":false},"author":4,"featured_media":168012,"comment_status":"open","ping_status":"open","sticky":false,"template":"","format":"standard","meta":[],"categories":[362],"tags":[519,1780,385,3090,2341,1652],"_links":{"self":[{"href":"https:\/\/www.cronicasdeitarantim.com.br\/v1\/wp-json\/wp\/v2\/posts\/168011"}],"collection":[{"href":"https:\/\/www.cronicasdeitarantim.com.br\/v1\/wp-json\/wp\/v2\/posts"}],"about":[{"href":"https:\/\/www.cronicasdeitarantim.com.br\/v1\/wp-json\/wp\/v2\/types\/post"}],"author":[{"embeddable":true,"href":"https:\/\/www.cronicasdeitarantim.com.br\/v1\/wp-json\/wp\/v2\/users\/4"}],"replies":[{"embeddable":true,"href":"https:\/\/www.cronicasdeitarantim.com.br\/v1\/wp-json\/wp\/v2\/comments?post=168011"}],"version-history":[{"count":1,"href":"https:\/\/www.cronicasdeitarantim.com.br\/v1\/wp-json\/wp\/v2\/posts\/168011\/revisions"}],"predecessor-version":[{"id":168013,"href":"https:\/\/www.cronicasdeitarantim.com.br\/v1\/wp-json\/wp\/v2\/posts\/168011\/revisions\/168013"}],"wp:featuredmedia":[{"embeddable":true,"href":"https:\/\/www.cronicasdeitarantim.com.br\/v1\/wp-json\/wp\/v2\/media\/168012"}],"wp:attachment":[{"href":"https:\/\/www.cronicasdeitarantim.com.br\/v1\/wp-json\/wp\/v2\/media?parent=168011"}],"wp:term":[{"taxonomy":"category","embeddable":true,"href":"https:\/\/www.cronicasdeitarantim.com.br\/v1\/wp-json\/wp\/v2\/categories?post=168011"},{"taxonomy":"post_tag","embeddable":true,"href":"https:\/\/www.cronicasdeitarantim.com.br\/v1\/wp-json\/wp\/v2\/tags?post=168011"}],"curies":[{"name":"wp","href":"https:\/\/api.w.org\/{rel}","templated":true}]}}