{"id":167770,"date":"2024-11-02T20:35:44","date_gmt":"2024-11-02T23:35:44","guid":{"rendered":"https:\/\/www.cronicasdeitarantim.com.br\/v1\/?p=167770"},"modified":"2024-11-02T20:36:05","modified_gmt":"2024-11-02T23:36:05","slug":"itarantim-policia-age-e-motociclistas-sao-pegos-empinando-moto-na-ba-270-e-tiveram-que-vir-empurrando-motos","status":"publish","type":"post","link":"https:\/\/www.cronicasdeitarantim.com.br\/v1\/2024\/11\/02\/itarantim-policia-age-e-motociclistas-sao-pegos-empinando-moto-na-ba-270-e-tiveram-que-vir-empurrando-motos\/","title":{"rendered":"Itarantim: Pol\u00edcia age e motociclistas s\u00e3o pegos empinando moto na Ba\/270 e tiveram que vir empurrando motos"},"content":{"rendered":"<h4>A Pol\u00edcia Militar da 8\u00aa Companhia em Itarantim atuou na tarde deste s\u00e1bado (2) na BA-270, flagrando alguns motociclistas que estavam empinando motos e colocando em risco a vida de quem transitava por essas vias. Algumas den\u00fancias j\u00e1 haviam sido feitas \u00e0 pol\u00edcia sobre muitos jovens realizando manobras perigosas na pista.<\/h4>\n<p><a href=\"https:\/\/www.cronicasdeitarantim.com.br\/v1\/wp-content\/uploads\/2024\/11\/Imagem-do-WhatsApp-de-2024-11-02-as-20.28.59_3b33fdf5.jpg\"><img decoding=\"async\" loading=\"lazy\" class=\"wp-image-167772 alignleft\" src=\"https:\/\/www.cronicasdeitarantim.com.br\/v1\/wp-content\/uploads\/2024\/11\/Imagem-do-WhatsApp-de-2024-11-02-as-20.28.59_3b33fdf5.jpg\" alt=\"\" width=\"494\" height=\"314\" srcset=\"https:\/\/www.cronicasdeitarantim.com.br\/v1\/wp-content\/uploads\/2024\/11\/Imagem-do-WhatsApp-de-2024-11-02-as-20.28.59_3b33fdf5.jpg 730w, https:\/\/www.cronicasdeitarantim.com.br\/v1\/wp-content\/uploads\/2024\/11\/Imagem-do-WhatsApp-de-2024-11-02-as-20.28.59_3b33fdf5-300x191.jpg 300w, https:\/\/www.cronicasdeitarantim.com.br\/v1\/wp-content\/uploads\/2024\/11\/Imagem-do-WhatsApp-de-2024-11-02-as-20.28.59_3b33fdf5-400x254.jpg 400w\" sizes=\"(max-width: 494px) 100vw, 494px\" \/><\/a><\/p>\n<h4>Esses casos costumam ocorrer geralmente no per\u00edodo da tarde, quando v\u00e1rios jovens se desafiam com suas motos nessas estradas, colocando suas pr\u00f3prias vidas em risco. Na a\u00e7\u00e3o da pol\u00edcia nesta tarde, imagens divulgadas nas redes sociais mostraram tr\u00eas jovens empurrando suas motos, com a viatura policial logo atr\u00e1s.<\/h4>\n<h4>Informa\u00e7\u00f5es indicam que, ao abordar os motociclistas que praticavam as manobras perigosas, a pol\u00edcia fez com que eles empurrassem as motos na posi\u00e7\u00e3o de p\u00e9 do local que foram pegos at\u00e9 a cidade. Um v\u00eddeo gravado por uma testemunha do ocorrido foi divulgado nas redes sociais e mostra os jovens empurrando as motos.<\/h4>\n<h4>O fato aconteceu na estrada que liga as cidades de Itarantim e Potiragu\u00e1, pr\u00f3ximo\u00a0a\u00a0Vavazinho.<\/h4>\n","protected":false},"excerpt":{"rendered":"<p>A Pol\u00edcia Militar da 8\u00aa Companhia em Itarantim atuou na tarde deste s\u00e1bado (2) na BA-270, flagrando alguns motociclistas que estavam empinando motos e colocando em risco a vida de quem transitava por essas vias. Algumas den\u00fancias j\u00e1 haviam sido feitas \u00e0 pol\u00edcia sobre muitos jovens realizando manobras perigosas na pista. Esses casos costumam ocorrer geralmente no per\u00edodo da tarde, quando v\u00e1rios jovens se desafiam com suas motos nessas estradas, colocando suas pr\u00f3prias vidas em risco. Na a\u00e7\u00e3o da pol\u00edcia nesta tarde, imagens divulgadas nas redes sociais mostraram tr\u00eas jovens empurrando suas motos, com a viatura policial logo atr\u00e1s. Informa\u00e7\u00f5es [&hellip;]<\/p>\n","protected":false},"author":4,"featured_media":167771,"comment_status":"open","ping_status":"open","sticky":false,"template":"","format":"standard","meta":[],"categories":[306],"tags":[2552,902,1780,385,2675,434],"_links":{"self":[{"href":"https:\/\/www.cronicasdeitarantim.com.br\/v1\/wp-json\/wp\/v2\/posts\/167770"}],"collection":[{"href":"https:\/\/www.cronicasdeitarantim.com.br\/v1\/wp-json\/wp\/v2\/posts"}],"about":[{"href":"https:\/\/www.cronicasdeitarantim.com.br\/v1\/wp-json\/wp\/v2\/types\/post"}],"author":[{"embeddable":true,"href":"https:\/\/www.cronicasdeitarantim.com.br\/v1\/wp-json\/wp\/v2\/users\/4"}],"replies":[{"embeddable":true,"href":"https:\/\/www.cronicasdeitarantim.com.br\/v1\/wp-json\/wp\/v2\/comments?post=167770"}],"version-history":[{"count":1,"href":"https:\/\/www.cronicasdeitarantim.com.br\/v1\/wp-json\/wp\/v2\/posts\/167770\/revisions"}],"predecessor-version":[{"id":167773,"href":"https:\/\/www.cronicasdeitarantim.com.br\/v1\/wp-json\/wp\/v2\/posts\/167770\/revisions\/167773"}],"wp:featuredmedia":[{"embeddable":true,"href":"https:\/\/www.cronicasdeitarantim.com.br\/v1\/wp-json\/wp\/v2\/media\/167771"}],"wp:attachment":[{"href":"https:\/\/www.cronicasdeitarantim.com.br\/v1\/wp-json\/wp\/v2\/media?parent=167770"}],"wp:term":[{"taxonomy":"category","embeddable":true,"href":"https:\/\/www.cronicasdeitarantim.com.br\/v1\/wp-json\/wp\/v2\/categories?post=167770"},{"taxonomy":"post_tag","embeddable":true,"href":"https:\/\/www.cronicasdeitarantim.com.br\/v1\/wp-json\/wp\/v2\/tags?post=167770"}],"curies":[{"name":"wp","href":"https:\/\/api.w.org\/{rel}","templated":true}]}}