{"id":167720,"date":"2024-10-31T12:37:48","date_gmt":"2024-10-31T15:37:48","guid":{"rendered":"https:\/\/www.cronicasdeitarantim.com.br\/v1\/?p=167720"},"modified":"2024-10-31T12:37:48","modified_gmt":"2024-10-31T15:37:48","slug":"cultura-livro-magico-dos-sete-reinos-do-escritor-valdeique-foi-lancado-com-grande-sucesso-em-itapetinga","status":"publish","type":"post","link":"https:\/\/www.cronicasdeitarantim.com.br\/v1\/2024\/10\/31\/cultura-livro-magico-dos-sete-reinos-do-escritor-valdeique-foi-lancado-com-grande-sucesso-em-itapetinga\/","title":{"rendered":"Cultura: Livro &#8220;M\u00e1gico dos Sete Reinos&#8221; do escritor Valdeique foi lan\u00e7ado com grande sucesso em Itapetinga"},"content":{"rendered":"<h4>No \u00faltimo dia 26 de outubro \u00e0s 17h o poeta e escritor Valdeique Oliveira, realizou o lan\u00e7amento do seu novo livro, com tem\u00e1tica infantil. O autor desenvolveu uma hist\u00f3ria infantil que valorizou os livros, a leitura e a imagina\u00e7\u00e3o, apresentando a personagem de uma menina chamada Lili que embarca em aventuras, desafios em um reino m\u00e1gico para desfazer o \u201cfeiti\u00e7o\u201d que uma bruxa atrapalha lan\u00e7ou para que as hist\u00f3rias e a imagina\u00e7\u00e3o n\u00e3o tenha mais vida, a obra certamente vai cativar leitores de todas as idades, principalmente as crian\u00e7as.<\/h4>\n<h4>O livro tem a ilustra\u00e7\u00e3o do grande artista Alex Rocha, e apresenta\u00e7\u00e3o do escritor e contador de hist\u00f3rias, Francisco Greg\u00f3rio, da cidade do Rio de Janeiro. O lan\u00e7amento teve a participa\u00e7\u00f5es especiais da Orquestra da Funda\u00e7\u00e3o Movimento de Corais Canto das Artes, da Maestrina e Professora Leniza Santos, da Cantora Havenna Ruas, do Cantor, Compositor Mundo Veio, da Escritora e Musicista Miriam Carvalho.<\/h4>\n<h4>O p\u00fablico que lotou o audit\u00f3rio da Academia de Letras teve uma surpresa especial ao ser apresentado o maravilhoso espet\u00e1culo do Livro M\u00e1gico dos Sete Reinos, pelo grupo Retalhos Teatrais que recentemente foi habilitado como Ponto de Cultura pelo Minist\u00e9rio da Cultura, dirigido por Valdeique Oliveira que tamb\u00e9m interpretou na pe\u00e7a o S\u00e1bio Romualdo, Elisangela Amelia (Bruxa Tchonga), Nailsa Geovana (Lili) e a Fernanda Febrieh (Vozinha Chica).<\/h4>\n<h4>O lan\u00e7amento teve como mestre de cerim\u00f4nia Ester Lore e a participa\u00e7\u00e3o de Ester Ribeiro que fez a leitura da apresenta\u00e7\u00e3o da obra que foi publicada pelo Cogito Editora de Salvador \u2013 BA, com edi\u00e7\u00e3o de Ivan de Almeida.<\/h4>\n<h4>O livro foi contemplado na Lei Paulo Gustavo de Itapetinga com gerenciamento da Secretaria e Coordena\u00e7\u00e3o de Cultura que se fez presente na pessoa do Escritor Mauricio Gomes e do Professor e Fot\u00f3grafo Nilton Cirqueira.<\/h4>\n<h4>O audit\u00f3rio lotado participou da sess\u00e3o de aut\u00f3grafos do autor Valdeique Oliveira que destacou a import\u00e2ncia da sua fam\u00edlia e dedicou o livro a sua filha Lunna Oliveira e refor\u00e7ou em sua fala: \u201cO Livro M\u00e1gico dos Sete Reinos j\u00e1 se apresenta como grande sucesso, pois surgiu no teatro e agora com uma obra liter\u00e1ria premiada com a publica\u00e7\u00e3o da Cogito Editora uma das mais conceituadas no Brasil e da Gr\u00e1fica Odiss\u00e9ia do Rio Grande do Sul.<\/h4>\n<h4>Al\u00e9m da apresenta\u00e7\u00e3o de um dos maiores escritores e contadores de hist\u00f3rias Francisco Greg\u00f3rio e tendo como porta voz a premiada escritora Roseana Murray e afirmou que se torna hist\u00f3rico, pois \u00e9 a primeira vez que no lan\u00e7amento de um livro foi apresentado um espet\u00e1culo maravilhoso de teatro\u201d.<\/h4>\n","protected":false},"excerpt":{"rendered":"<p>No \u00faltimo dia 26 de outubro \u00e0s 17h o poeta e escritor Valdeique Oliveira, realizou o lan\u00e7amento do seu novo livro, com tem\u00e1tica infantil. O autor desenvolveu uma hist\u00f3ria infantil que valorizou os livros, a leitura e a imagina\u00e7\u00e3o, apresentando a personagem de uma menina chamada Lili que embarca em aventuras, desafios em um reino m\u00e1gico para desfazer o \u201cfeiti\u00e7o\u201d que uma bruxa atrapalha lan\u00e7ou para que as hist\u00f3rias e a imagina\u00e7\u00e3o n\u00e3o tenha mais vida, a obra certamente vai cativar leitores de todas as idades, principalmente as crian\u00e7as. O livro tem a ilustra\u00e7\u00e3o do grande artista Alex Rocha, e [&hellip;]<\/p>\n","protected":false},"author":4,"featured_media":167721,"comment_status":"open","ping_status":"open","sticky":false,"template":"","format":"standard","meta":[],"categories":[538],"tags":[1780,110,425,1716,3129],"_links":{"self":[{"href":"https:\/\/www.cronicasdeitarantim.com.br\/v1\/wp-json\/wp\/v2\/posts\/167720"}],"collection":[{"href":"https:\/\/www.cronicasdeitarantim.com.br\/v1\/wp-json\/wp\/v2\/posts"}],"about":[{"href":"https:\/\/www.cronicasdeitarantim.com.br\/v1\/wp-json\/wp\/v2\/types\/post"}],"author":[{"embeddable":true,"href":"https:\/\/www.cronicasdeitarantim.com.br\/v1\/wp-json\/wp\/v2\/users\/4"}],"replies":[{"embeddable":true,"href":"https:\/\/www.cronicasdeitarantim.com.br\/v1\/wp-json\/wp\/v2\/comments?post=167720"}],"version-history":[{"count":1,"href":"https:\/\/www.cronicasdeitarantim.com.br\/v1\/wp-json\/wp\/v2\/posts\/167720\/revisions"}],"predecessor-version":[{"id":167722,"href":"https:\/\/www.cronicasdeitarantim.com.br\/v1\/wp-json\/wp\/v2\/posts\/167720\/revisions\/167722"}],"wp:featuredmedia":[{"embeddable":true,"href":"https:\/\/www.cronicasdeitarantim.com.br\/v1\/wp-json\/wp\/v2\/media\/167721"}],"wp:attachment":[{"href":"https:\/\/www.cronicasdeitarantim.com.br\/v1\/wp-json\/wp\/v2\/media?parent=167720"}],"wp:term":[{"taxonomy":"category","embeddable":true,"href":"https:\/\/www.cronicasdeitarantim.com.br\/v1\/wp-json\/wp\/v2\/categories?post=167720"},{"taxonomy":"post_tag","embeddable":true,"href":"https:\/\/www.cronicasdeitarantim.com.br\/v1\/wp-json\/wp\/v2\/tags?post=167720"}],"curies":[{"name":"wp","href":"https:\/\/api.w.org\/{rel}","templated":true}]}}