{"id":167615,"date":"2024-10-24T13:54:46","date_gmt":"2024-10-24T16:54:46","guid":{"rendered":"https:\/\/www.cronicasdeitarantim.com.br\/v1\/?p=167615"},"modified":"2024-10-24T13:54:46","modified_gmt":"2024-10-24T16:54:46","slug":"luto-morre-itarantiense-que-estava-internada-na-cidade-de-brumado","status":"publish","type":"post","link":"https:\/\/www.cronicasdeitarantim.com.br\/v1\/2024\/10\/24\/luto-morre-itarantiense-que-estava-internada-na-cidade-de-brumado\/","title":{"rendered":"Luto: Morre itarantiense que estava internada na cidade de Brumado"},"content":{"rendered":"<h4>Morreu nesta quinta-feira (24) Ana Paula Pacheco, de 44 anos, que estava internada na cidade de Brumado no sudoeste da Bahia. Paula j\u00e1 estava h\u00e1 alguns dias internada sentindo fortes dores e seu quadro cl\u00ednico acabou piorando e ela n\u00e3o resistindo as dores e vindo a \u00f3bito. Ana Paula era muito conhecida em Itarantim, em especial nas imedia\u00e7\u00f5es da regi\u00e3o da Vasco da Gama. De acordo com informa\u00e7\u00f5es, o corpo estava saindo da cidade de Brumado e o vel\u00f3rio ser\u00e1 na Pax Perfei\u00e7\u00e3o.<\/h4>\n<h4>N\u00e3o h\u00e1 informa\u00e7\u00f5es sobre o hor\u00e1rio do enterro. Nossa reda\u00e7\u00e3o deixa aos amigos e familiares nossas condol\u00eancias e que Deus conforte os cora\u00e7\u00f5es dos familiares.<\/h4>\n","protected":false},"excerpt":{"rendered":"<p>Morreu nesta quinta-feira (24) Ana Paula Pacheco, de 44 anos, que estava internada na cidade de Brumado no sudoeste da Bahia. Paula j\u00e1 estava h\u00e1 alguns dias internada sentindo fortes dores e seu quadro cl\u00ednico acabou piorando e ela n\u00e3o resistindo as dores e vindo a \u00f3bito. Ana Paula era muito conhecida em Itarantim, em especial nas imedia\u00e7\u00f5es da regi\u00e3o da Vasco da Gama. De acordo com informa\u00e7\u00f5es, o corpo estava saindo da cidade de Brumado e o vel\u00f3rio ser\u00e1 na Pax Perfei\u00e7\u00e3o. N\u00e3o h\u00e1 informa\u00e7\u00f5es sobre o hor\u00e1rio do enterro. Nossa reda\u00e7\u00e3o deixa aos amigos e familiares nossas condol\u00eancias [&hellip;]<\/p>\n","protected":false},"author":4,"featured_media":167616,"comment_status":"open","ping_status":"open","sticky":false,"template":"","format":"standard","meta":[],"categories":[1],"tags":[1780,385,495],"_links":{"self":[{"href":"https:\/\/www.cronicasdeitarantim.com.br\/v1\/wp-json\/wp\/v2\/posts\/167615"}],"collection":[{"href":"https:\/\/www.cronicasdeitarantim.com.br\/v1\/wp-json\/wp\/v2\/posts"}],"about":[{"href":"https:\/\/www.cronicasdeitarantim.com.br\/v1\/wp-json\/wp\/v2\/types\/post"}],"author":[{"embeddable":true,"href":"https:\/\/www.cronicasdeitarantim.com.br\/v1\/wp-json\/wp\/v2\/users\/4"}],"replies":[{"embeddable":true,"href":"https:\/\/www.cronicasdeitarantim.com.br\/v1\/wp-json\/wp\/v2\/comments?post=167615"}],"version-history":[{"count":1,"href":"https:\/\/www.cronicasdeitarantim.com.br\/v1\/wp-json\/wp\/v2\/posts\/167615\/revisions"}],"predecessor-version":[{"id":167617,"href":"https:\/\/www.cronicasdeitarantim.com.br\/v1\/wp-json\/wp\/v2\/posts\/167615\/revisions\/167617"}],"wp:featuredmedia":[{"embeddable":true,"href":"https:\/\/www.cronicasdeitarantim.com.br\/v1\/wp-json\/wp\/v2\/media\/167616"}],"wp:attachment":[{"href":"https:\/\/www.cronicasdeitarantim.com.br\/v1\/wp-json\/wp\/v2\/media?parent=167615"}],"wp:term":[{"taxonomy":"category","embeddable":true,"href":"https:\/\/www.cronicasdeitarantim.com.br\/v1\/wp-json\/wp\/v2\/categories?post=167615"},{"taxonomy":"post_tag","embeddable":true,"href":"https:\/\/www.cronicasdeitarantim.com.br\/v1\/wp-json\/wp\/v2\/tags?post=167615"}],"curies":[{"name":"wp","href":"https:\/\/api.w.org\/{rel}","templated":true}]}}