{"id":167530,"date":"2024-10-19T00:26:39","date_gmt":"2024-10-19T03:26:39","guid":{"rendered":"https:\/\/www.cronicasdeitarantim.com.br\/v1\/?p=167530"},"modified":"2024-10-19T00:26:39","modified_gmt":"2024-10-19T03:26:39","slug":"bahia-tragedia-na-cidade-de-heliopolis-adolescente-mata-tres-colegas-e-logo-apos-se-mata","status":"publish","type":"post","link":"https:\/\/www.cronicasdeitarantim.com.br\/v1\/2024\/10\/19\/bahia-tragedia-na-cidade-de-heliopolis-adolescente-mata-tres-colegas-e-logo-apos-se-mata\/","title":{"rendered":"Bahia: Trag\u00e9dia na cidade de Heli\u00f3polis, adolescente mata tr\u00eas colegas e logo ap\u00f3s se mata"},"content":{"rendered":"<h4 style=\"font-weight: 400;\">Alunos do Col\u00e9gio Municipal Dom Pedro I, localizado no povoado de Serra dos Correias, na cidade de Heli\u00f3polis, foram v\u00edtimas de um atentado, na tarde desta sexta-feira (18). Segundo informa\u00e7\u00f5es divulgadas pelo\u00a0Calila Not\u00edcias, quatro adolescentes foram mortos a tiros dentro da escola ap\u00f3s um deles coordenar os ataques e depois tirar a pr\u00f3pria vida.<\/h4>\n<h4 style=\"font-weight: 400;\">O adolescente, que estava em posse de uma arma de fogo, teria ordenado que outros tr\u00eas colegas entrassem em uma sala, e em seguida efetuou os disparos que resultaram em triplo homic\u00eddio, antes de atirar em si mesmo. A ocorr\u00eancia j\u00e1 foi registrada pela Secretaria de Seguran\u00e7a P\u00fablica do Estado, que por sua vez informou que as v\u00edtimas tinham 14 e 15 anos.<\/h4>\n<h4 style=\"font-weight: 400;\">\u201cAs Pol\u00edcias Militar, Civil e T\u00e9cnica est\u00e3o no Col\u00e9gio, tomando todas as medidas relacionadas \u00e0 preserva\u00e7\u00e3o do local, coleta de ind\u00edcios, per\u00edcia e remo\u00e7\u00e3o das v\u00edtimas fatais.\u201d, escreveu a secretaria, em nota.<\/h4>\n<h4 style=\"font-weight: 400;\">Por meio das redes sociais, o governador Jer\u00f4nimo Rodrigues se manifestou sobre o caso e refor\u00e7ou o pedido por celeridade nas investiga\u00e7\u00f5es.<\/h4>\n<h4>Confira a nota da SSP na \u00edntegra:<\/h4>\n<p><em>A Secretaria da Seguran\u00e7a P\u00fablica lamenta informar as mortes de quatro alunos do Col\u00e9gio Municipal Dom Pedro I, localizado no povoado de Serra dos Correias, na cidade de Heli\u00f3polis.\u00a0<\/em><\/p>\n<p><em>As v\u00edtimas tinham 14 e 15 anos. A informa\u00e7\u00e3o inicial das testemunhas indica que um dos alunos disparou com um rev\u00f3lver calibre 38 contra tr\u00eas colegas. Na sequ\u00eancia, ele atirou contra o pr\u00f3prio corpo, vindo tamb\u00e9m a \u00f3bito.<\/em><\/p>\n<p><em>As Pol\u00edcias Militar, Civil e T\u00e9cnica est\u00e3o no Col\u00e9gio, tomando todas as medidas relacionadas \u00e0 preserva\u00e7\u00e3o do local, coleta de ind\u00edcios, per\u00edcia e remo\u00e7\u00e3o das v\u00edtimas fatais.<\/em><\/p>\n","protected":false},"excerpt":{"rendered":"<p>Alunos do Col\u00e9gio Municipal Dom Pedro I, localizado no povoado de Serra dos Correias, na cidade de Heli\u00f3polis, foram v\u00edtimas de um atentado, na tarde desta sexta-feira (18). Segundo informa\u00e7\u00f5es divulgadas pelo\u00a0Calila Not\u00edcias, quatro adolescentes foram mortos a tiros dentro da escola ap\u00f3s um deles coordenar os ataques e depois tirar a pr\u00f3pria vida. O adolescente, que estava em posse de uma arma de fogo, teria ordenado que outros tr\u00eas colegas entrassem em uma sala, e em seguida efetuou os disparos que resultaram em triplo homic\u00eddio, antes de atirar em si mesmo. A ocorr\u00eancia j\u00e1 foi registrada pela Secretaria de [&hellip;]<\/p>\n","protected":false},"author":4,"featured_media":167531,"comment_status":"open","ping_status":"open","sticky":false,"template":"","format":"standard","meta":[],"categories":[306],"tags":[76,563,1780,2183,434,540],"_links":{"self":[{"href":"https:\/\/www.cronicasdeitarantim.com.br\/v1\/wp-json\/wp\/v2\/posts\/167530"}],"collection":[{"href":"https:\/\/www.cronicasdeitarantim.com.br\/v1\/wp-json\/wp\/v2\/posts"}],"about":[{"href":"https:\/\/www.cronicasdeitarantim.com.br\/v1\/wp-json\/wp\/v2\/types\/post"}],"author":[{"embeddable":true,"href":"https:\/\/www.cronicasdeitarantim.com.br\/v1\/wp-json\/wp\/v2\/users\/4"}],"replies":[{"embeddable":true,"href":"https:\/\/www.cronicasdeitarantim.com.br\/v1\/wp-json\/wp\/v2\/comments?post=167530"}],"version-history":[{"count":1,"href":"https:\/\/www.cronicasdeitarantim.com.br\/v1\/wp-json\/wp\/v2\/posts\/167530\/revisions"}],"predecessor-version":[{"id":167532,"href":"https:\/\/www.cronicasdeitarantim.com.br\/v1\/wp-json\/wp\/v2\/posts\/167530\/revisions\/167532"}],"wp:featuredmedia":[{"embeddable":true,"href":"https:\/\/www.cronicasdeitarantim.com.br\/v1\/wp-json\/wp\/v2\/media\/167531"}],"wp:attachment":[{"href":"https:\/\/www.cronicasdeitarantim.com.br\/v1\/wp-json\/wp\/v2\/media?parent=167530"}],"wp:term":[{"taxonomy":"category","embeddable":true,"href":"https:\/\/www.cronicasdeitarantim.com.br\/v1\/wp-json\/wp\/v2\/categories?post=167530"},{"taxonomy":"post_tag","embeddable":true,"href":"https:\/\/www.cronicasdeitarantim.com.br\/v1\/wp-json\/wp\/v2\/tags?post=167530"}],"curies":[{"name":"wp","href":"https:\/\/api.w.org\/{rel}","templated":true}]}}