{"id":167430,"date":"2024-10-14T20:09:36","date_gmt":"2024-10-14T23:09:36","guid":{"rendered":"https:\/\/www.cronicasdeitarantim.com.br\/v1\/?p=167430"},"modified":"2024-10-14T20:09:36","modified_gmt":"2024-10-14T23:09:36","slug":"adolescente-morre-por-bala-perdida-em-comemoracao-de-festa-politica-em-cidade-do-sul-da-bahia","status":"publish","type":"post","link":"https:\/\/www.cronicasdeitarantim.com.br\/v1\/2024\/10\/14\/adolescente-morre-por-bala-perdida-em-comemoracao-de-festa-politica-em-cidade-do-sul-da-bahia\/","title":{"rendered":"Adolescente morre por bala perdida em comemora\u00e7\u00e3o de festa pol\u00edtica em cidade do sul da Bahia"},"content":{"rendered":"<h4>Um adolescente morreu ap\u00f3s uma festa de comemora\u00e7\u00e3o pela vit\u00f3ria de um candidato a prefeito da cidade de Santa Cruz Cabr\u00e1lia, no sul da Bahia, neste domingo (13). De acordo com informa\u00e7\u00f5es, o adolescente de 14 anos de idade que foi identificado pelo nome de Felipe dos Santos, foi atingido por disparos de bala perdida em meio a um tiroteio no momento da comemora\u00e7\u00e3o.<\/h4>\n<h4>No in\u00edcio da madrugada houve uma troca de tiros entre suspeitos de tr\u00e1fico de drogas, e o jovem acabou atingido por uma bala perdida. Ele chegou a ser levado com vida para o Hospital Lu\u00eds Eduardo Magalh\u00e3es, em Porto Seguro, na mesma regi\u00e3o, mas n\u00e3o resistiu aos ferimentos.<\/h4>\n<h4>Uma tristeza, foi assim que a comunidade consternada lamentou o fato que deveria ser de alegria se transformando em um momento de muita tristeza pela vida ceifada do adolescente.<\/h4>\n<article id=\"post-225551\" class=\"post-225551 post type-post status-publish format-standard has-post-thumbnail hentry category-bahia\">\n<div class=\"container-post\">\n<div class=\"entry-content\">\n<h4>Logo ap\u00f3s o fato, policiais militares da Rondesp foram acionados e localizaram um grupo de cinco suspeitos de ter participado do tiroteio. Houve troca de tiros entre os PMs e os suspeitos, e dois dos acusados morreram ap\u00f3s o confronto.<\/h4>\n<h4>Ap\u00f3s a morte dos dois suspeitos, ainda n\u00e3o identificados, uma fac\u00e7\u00e3o criminosa anunciou toque de recolher no bairro Campinho. A assessoria do prefeito eleito, Girlei, que \u00e9 vereador, ainda n\u00e3o se manifestou sobre o fato.<\/h4>\n<\/div>\n<footer class=\"entry-footer\"><\/footer>\n<\/div>\n<\/article>\n<div class=\"widget_text widget-image col-md-12\">\n<div class=\"textwidget custom-html-widget\">\n<div class=\"text-center\"><\/div>\n<\/div>\n<\/div>\n<article id=\"post-225551\" class=\"post-225551 post type-post status-publish format-standard has-post-thumbnail hentry category-bahia\">\n<div class=\"container-post\"><\/div>\n<\/article>\n<div class=\"widget_text widget-image col-md-12\">\n<div class=\"textwidget custom-html-widget\">\n<div class=\"text-center\"><\/div>\n<\/div>\n<\/div>\n","protected":false},"excerpt":{"rendered":"<p>Um adolescente morreu ap\u00f3s uma festa de comemora\u00e7\u00e3o pela vit\u00f3ria de um candidato a prefeito da cidade de Santa Cruz Cabr\u00e1lia, no sul da Bahia, neste domingo (13). De acordo com informa\u00e7\u00f5es, o adolescente de 14 anos de idade que foi identificado pelo nome de Felipe dos Santos, foi atingido por disparos de bala perdida em meio a um tiroteio no momento da comemora\u00e7\u00e3o. No in\u00edcio da madrugada houve uma troca de tiros entre suspeitos de tr\u00e1fico de drogas, e o jovem acabou atingido por uma bala perdida. Ele chegou a ser levado com vida para o Hospital Lu\u00eds Eduardo [&hellip;]<\/p>\n","protected":false},"author":4,"featured_media":167431,"comment_status":"open","ping_status":"open","sticky":false,"template":"","format":"standard","meta":[],"categories":[306],"tags":[76,1780,1772,434,444],"_links":{"self":[{"href":"https:\/\/www.cronicasdeitarantim.com.br\/v1\/wp-json\/wp\/v2\/posts\/167430"}],"collection":[{"href":"https:\/\/www.cronicasdeitarantim.com.br\/v1\/wp-json\/wp\/v2\/posts"}],"about":[{"href":"https:\/\/www.cronicasdeitarantim.com.br\/v1\/wp-json\/wp\/v2\/types\/post"}],"author":[{"embeddable":true,"href":"https:\/\/www.cronicasdeitarantim.com.br\/v1\/wp-json\/wp\/v2\/users\/4"}],"replies":[{"embeddable":true,"href":"https:\/\/www.cronicasdeitarantim.com.br\/v1\/wp-json\/wp\/v2\/comments?post=167430"}],"version-history":[{"count":1,"href":"https:\/\/www.cronicasdeitarantim.com.br\/v1\/wp-json\/wp\/v2\/posts\/167430\/revisions"}],"predecessor-version":[{"id":167432,"href":"https:\/\/www.cronicasdeitarantim.com.br\/v1\/wp-json\/wp\/v2\/posts\/167430\/revisions\/167432"}],"wp:featuredmedia":[{"embeddable":true,"href":"https:\/\/www.cronicasdeitarantim.com.br\/v1\/wp-json\/wp\/v2\/media\/167431"}],"wp:attachment":[{"href":"https:\/\/www.cronicasdeitarantim.com.br\/v1\/wp-json\/wp\/v2\/media?parent=167430"}],"wp:term":[{"taxonomy":"category","embeddable":true,"href":"https:\/\/www.cronicasdeitarantim.com.br\/v1\/wp-json\/wp\/v2\/categories?post=167430"},{"taxonomy":"post_tag","embeddable":true,"href":"https:\/\/www.cronicasdeitarantim.com.br\/v1\/wp-json\/wp\/v2\/tags?post=167430"}],"curies":[{"name":"wp","href":"https:\/\/api.w.org\/{rel}","templated":true}]}}