{"id":167223,"date":"2024-10-07T09:48:23","date_gmt":"2024-10-07T12:48:23","guid":{"rendered":"https:\/\/www.cronicasdeitarantim.com.br\/v1\/?p=167223"},"modified":"2024-10-07T09:48:23","modified_gmt":"2024-10-07T12:48:23","slug":"itarantim-leo-ferreira-e-reeleito-como-o-quarto-vereador-mais-votado","status":"publish","type":"post","link":"https:\/\/www.cronicasdeitarantim.com.br\/v1\/2024\/10\/07\/itarantim-leo-ferreira-e-reeleito-como-o-quarto-vereador-mais-votado\/","title":{"rendered":"Itarantim: L\u00e9o Ferreira \u00e9 reeleito como o quarto vereador mais votado"},"content":{"rendered":"<h4>O vereador L\u00e9o Ferreira (Podemos ) foi reeleito para mais quatro anos no legislativo municipal de Itarantim, recebendo 536 votos, o que o posicionou como o quarto mais bem votado da cidade.<\/h4>\n<h4>No seu partido, o Podemos, ele foi o segundo mais votado. Como primeiro secret\u00e1rio da mesa diretora, L\u00e9o viu seu trabalho reconhecido pela comunidade, aumentando sua vota\u00e7\u00e3o em rela\u00e7\u00e3o \u00e0 elei\u00e7\u00e3o anterior.<\/h4>\n<h4>Em suas redes sociais, ele agradeceu aos eleitores e afirmou que continuar\u00e1 com seu trabalho que foi reconhecido pela comunidade.<\/h4>\n<h4><\/h4>\n","protected":false},"excerpt":{"rendered":"<p>O vereador L\u00e9o Ferreira (Podemos ) foi reeleito para mais quatro anos no legislativo municipal de Itarantim, recebendo 536 votos, o que o posicionou como o quarto mais bem votado da cidade. No seu partido, o Podemos, ele foi o segundo mais votado. Como primeiro secret\u00e1rio da mesa diretora, L\u00e9o viu seu trabalho reconhecido pela comunidade, aumentando sua vota\u00e7\u00e3o em rela\u00e7\u00e3o \u00e0 elei\u00e7\u00e3o anterior. Em suas redes sociais, ele agradeceu aos eleitores e afirmou que continuar\u00e1 com seu trabalho que foi reconhecido pela comunidade.<\/p>\n","protected":false},"author":4,"featured_media":167225,"comment_status":"open","ping_status":"open","sticky":false,"template":"","format":"standard","meta":[],"categories":[304],"tags":[1780,385,440,806],"_links":{"self":[{"href":"https:\/\/www.cronicasdeitarantim.com.br\/v1\/wp-json\/wp\/v2\/posts\/167223"}],"collection":[{"href":"https:\/\/www.cronicasdeitarantim.com.br\/v1\/wp-json\/wp\/v2\/posts"}],"about":[{"href":"https:\/\/www.cronicasdeitarantim.com.br\/v1\/wp-json\/wp\/v2\/types\/post"}],"author":[{"embeddable":true,"href":"https:\/\/www.cronicasdeitarantim.com.br\/v1\/wp-json\/wp\/v2\/users\/4"}],"replies":[{"embeddable":true,"href":"https:\/\/www.cronicasdeitarantim.com.br\/v1\/wp-json\/wp\/v2\/comments?post=167223"}],"version-history":[{"count":1,"href":"https:\/\/www.cronicasdeitarantim.com.br\/v1\/wp-json\/wp\/v2\/posts\/167223\/revisions"}],"predecessor-version":[{"id":167224,"href":"https:\/\/www.cronicasdeitarantim.com.br\/v1\/wp-json\/wp\/v2\/posts\/167223\/revisions\/167224"}],"wp:featuredmedia":[{"embeddable":true,"href":"https:\/\/www.cronicasdeitarantim.com.br\/v1\/wp-json\/wp\/v2\/media\/167225"}],"wp:attachment":[{"href":"https:\/\/www.cronicasdeitarantim.com.br\/v1\/wp-json\/wp\/v2\/media?parent=167223"}],"wp:term":[{"taxonomy":"category","embeddable":true,"href":"https:\/\/www.cronicasdeitarantim.com.br\/v1\/wp-json\/wp\/v2\/categories?post=167223"},{"taxonomy":"post_tag","embeddable":true,"href":"https:\/\/www.cronicasdeitarantim.com.br\/v1\/wp-json\/wp\/v2\/tags?post=167223"}],"curies":[{"name":"wp","href":"https:\/\/api.w.org\/{rel}","templated":true}]}}