{"id":167190,"date":"2024-10-04T12:04:23","date_gmt":"2024-10-04T15:04:23","guid":{"rendered":"https:\/\/www.cronicasdeitarantim.com.br\/v1\/?p=167190"},"modified":"2024-10-04T12:04:49","modified_gmt":"2024-10-04T15:04:49","slug":"maiquinique-juiz-suspende-pesquisa-da-prefeita-por-indicios-de-irregularidades","status":"publish","type":"post","link":"https:\/\/www.cronicasdeitarantim.com.br\/v1\/2024\/10\/04\/maiquinique-juiz-suspende-pesquisa-da-prefeita-por-indicios-de-irregularidades\/","title":{"rendered":"Maiquinique: Juiz suspende pesquisa da prefeita por ind\u00edcios de irregularidades"},"content":{"rendered":"<h4>O juiz Pablo Ven\u00edcio Novais Silva, da 91\u00aa Zona Eleitoral de Macaran\u00ed, suspendeu a divulga\u00e7\u00e3o de uma pesquisa eleitoral sobre as inten\u00e7\u00f5es de voto para o cargo de prefeito de Maiquinique, no Sudoeste da Bahia. A decis\u00e3o atende a uma representa\u00e7\u00e3o feita pela coliga\u00e7\u00e3o do candidato Chico Bator\u00e9 (Solidariedade), que acionou a Justi\u00e7a Eleitoral contra a empresa FLEX Consultoria &amp; Pesquisas, atrav\u00e9s da representa\u00e7\u00e3o n\u00ba 0600483-15.2024.6.05.0091.<\/h4>\n<h4>A pesquisa estava registrada sob o c\u00f3digo BA-03649\/2024 e a coliga\u00e7\u00e3o solicitou uma liminar para suspender a consulta, alegando que a pesquisa \u201capresenta diversas irregularidades que violam a Resolu\u00e7\u00e3o TSE n\u00ba 23.600\/2019\u201d. Entre as irregularidades apontadas, est\u00e3o:<\/h4>\n<h4>1. O estat\u00edstico respons\u00e1vel pela pesquisa n\u00e3o possui registro v\u00e1lido no Conselho Regional de Estat\u00edstica competente (CONRE-5).<br \/>\n2. N\u00e3o foram informados detalhes sobre a \u00e1rea f\u00edsica de realiza\u00e7\u00e3o do trabalho, conforme exige o art. 2\u00ba, IV da Resolu\u00e7\u00e3o TSE 23.600\/2019.<br \/>\n3. H\u00e1 discrep\u00e2ncias entre o plano amostral e as fontes p\u00fablicas de dados mencionadas (TSE e IBGE).<br \/>\n4. O formul\u00e1rio de pesquisa apresenta defici\u00eancias, como aus\u00eancia de perguntas essenciais e inclus\u00e3o de candidato inapto.<br \/>\n5. N\u00e3o h\u00e1 descri\u00e7\u00e3o do sistema interno de controle e verifica\u00e7\u00e3o da coleta de dados.<\/h4>\n<h4>Na decis\u00e3o, o juiz Pablo Ven\u00edcio Novais Silva ressaltou que \u201ca Resolu\u00e7\u00e3o TSE n\u00ba 23.600\/2019 estabelece par\u00e2metros claros para a realiza\u00e7\u00e3o de pesquisas eleitorais, com o objetivo de garantir transpar\u00eancia e confiabilidade, prevenindo manipula\u00e7\u00f5es que possam influenciar o eleitorado.\u201d Ele acrescentou que \u201cao analisar os autos, verifica-se que as irregularidades apontadas pela coliga\u00e7\u00e3o merecem especial aten\u00e7\u00e3o.\u201d<\/h4>\n<h4>As irregularidades identificadas incluem:<\/h4>\n<h4>a) A aus\u00eancia de registro v\u00e1lido do estat\u00edstico respons\u00e1vel no CONRE-5, o que viola o disposto no art. 2\u00ba, IX da Resolu\u00e7\u00e3o TSE 23.600\/2019;<br \/>\nb) A falta de informa\u00e7\u00e3o sobre a \u00e1rea f\u00edsica onde foi realizada a pesquisa, em descumprimento ao art. 2\u00ba, IV da mesma resolu\u00e7\u00e3o;<br \/>\nc) Discrep\u00e2ncias significativas entre o plano amostral e os dados oficiais do TSE e IBGE, comprometendo a confiabilidade da pesquisa;<br \/>\nd) Defici\u00eancias no formul\u00e1rio da pesquisa, como a falta de perguntas sobre renda e inclus\u00e3o de candidato inapto;<br \/>\ne) A aus\u00eancia de descri\u00e7\u00e3o do sistema interno de controle, em viola\u00e7\u00e3o ao art. 2\u00ba, V da Resolu\u00e7\u00e3o.<\/h4>\n<h4>Essas irregularidades comprometem a credibilidade e a lisura da pesquisa eleitoral em quest\u00e3o. O perigo de dano \u00e9 evidente, considerando que a divulga\u00e7\u00e3o da pesquisa estava prevista para 05\/10\/2024, v\u00e9spera do pleito. A divulga\u00e7\u00e3o de uma pesquisa com tantas irregularidades \u00e0s v\u00e9speras da elei\u00e7\u00e3o pode influenciar indevidamente o eleitorado, causando um desequil\u00edbrio na disputa eleitoral e preju\u00edzos dif\u00edceis de reparar.<\/h4>\n<h4>Diante do exposto, DEFIRO A TUTELA DE URG\u00caNCIA para determinar a suspens\u00e3o da divulga\u00e7\u00e3o da pesquisa eleitoral registrada sob o n\u00ba BA-03649\/2024 at\u00e9 o julgamento final da presente representa\u00e7\u00e3o, sob pena de multa di\u00e1ria de R$ 50.000,00 (cinquenta mil reais) em caso de descumprimento.<\/h4>\n","protected":false},"excerpt":{"rendered":"<p>O juiz Pablo Ven\u00edcio Novais Silva, da 91\u00aa Zona Eleitoral de Macaran\u00ed, suspendeu a divulga\u00e7\u00e3o de uma pesquisa eleitoral sobre as inten\u00e7\u00f5es de voto para o cargo de prefeito de Maiquinique, no Sudoeste da Bahia. A decis\u00e3o atende a uma representa\u00e7\u00e3o feita pela coliga\u00e7\u00e3o do candidato Chico Bator\u00e9 (Solidariedade), que acionou a Justi\u00e7a Eleitoral contra a empresa FLEX Consultoria &amp; Pesquisas, atrav\u00e9s da representa\u00e7\u00e3o n\u00ba 0600483-15.2024.6.05.0091. A pesquisa estava registrada sob o c\u00f3digo BA-03649\/2024 e a coliga\u00e7\u00e3o solicitou uma liminar para suspender a consulta, alegando que a pesquisa \u201capresenta diversas irregularidades que violam a Resolu\u00e7\u00e3o TSE n\u00ba 23.600\/2019\u201d. Entre as [&hellip;]<\/p>\n","protected":false},"author":4,"featured_media":167193,"comment_status":"open","ping_status":"open","sticky":false,"template":"","format":"standard","meta":[],"categories":[1],"tags":[1780,718,439,392,219],"_links":{"self":[{"href":"https:\/\/www.cronicasdeitarantim.com.br\/v1\/wp-json\/wp\/v2\/posts\/167190"}],"collection":[{"href":"https:\/\/www.cronicasdeitarantim.com.br\/v1\/wp-json\/wp\/v2\/posts"}],"about":[{"href":"https:\/\/www.cronicasdeitarantim.com.br\/v1\/wp-json\/wp\/v2\/types\/post"}],"author":[{"embeddable":true,"href":"https:\/\/www.cronicasdeitarantim.com.br\/v1\/wp-json\/wp\/v2\/users\/4"}],"replies":[{"embeddable":true,"href":"https:\/\/www.cronicasdeitarantim.com.br\/v1\/wp-json\/wp\/v2\/comments?post=167190"}],"version-history":[{"count":3,"href":"https:\/\/www.cronicasdeitarantim.com.br\/v1\/wp-json\/wp\/v2\/posts\/167190\/revisions"}],"predecessor-version":[{"id":167194,"href":"https:\/\/www.cronicasdeitarantim.com.br\/v1\/wp-json\/wp\/v2\/posts\/167190\/revisions\/167194"}],"wp:featuredmedia":[{"embeddable":true,"href":"https:\/\/www.cronicasdeitarantim.com.br\/v1\/wp-json\/wp\/v2\/media\/167193"}],"wp:attachment":[{"href":"https:\/\/www.cronicasdeitarantim.com.br\/v1\/wp-json\/wp\/v2\/media?parent=167190"}],"wp:term":[{"taxonomy":"category","embeddable":true,"href":"https:\/\/www.cronicasdeitarantim.com.br\/v1\/wp-json\/wp\/v2\/categories?post=167190"},{"taxonomy":"post_tag","embeddable":true,"href":"https:\/\/www.cronicasdeitarantim.com.br\/v1\/wp-json\/wp\/v2\/tags?post=167190"}],"curies":[{"name":"wp","href":"https:\/\/api.w.org\/{rel}","templated":true}]}}