{"id":167058,"date":"2024-10-03T13:36:00","date_gmt":"2024-10-03T16:36:00","guid":{"rendered":"https:\/\/www.cronicasdeitarantim.com.br\/v1\/?p=167058"},"modified":"2024-10-03T13:36:00","modified_gmt":"2024-10-03T16:36:00","slug":"itarantim-candidata-a-vereadora-propoe-politicas-publicas-para-mulheres-e-populacoes-vulneraveis","status":"publish","type":"post","link":"https:\/\/www.cronicasdeitarantim.com.br\/v1\/2024\/10\/03\/itarantim-candidata-a-vereadora-propoe-politicas-publicas-para-mulheres-e-populacoes-vulneraveis\/","title":{"rendered":"Itarantim: Candidata a vereadora prop\u00f5e pol\u00edticas p\u00fablicas para mulheres e popula\u00e7\u00f5es vulner\u00e1veis"},"content":{"rendered":"<p>Na corrida para as elei\u00e7\u00f5es municipais, a candidata a vereadora e estudante de assist\u00eancia social, Girleide Oliveira, se destaca com propostas focadas na inclus\u00e3o e acolhimento de mulheres, idosos, pessoas com defici\u00eancia e outras popula\u00e7\u00f5es vulner\u00e1veis. Com uma trajet\u00f3ria pautada pelo trabalho social, ela traz para o debate pol\u00edtico um olhar sens\u00edvel e comprometido com as causas que mais afetam essas comunidades.<\/p>\n<p><strong>*Fortalecimento das Mulheres na Sociedade*<\/strong><\/p>\n<p>Uma das principais bandeiras de Girleide Oliveira \u00e9 a promo\u00e7\u00e3o da autonomia feminina atrav\u00e9s de pol\u00edticas p\u00fablicas eficazes. Entre suas propostas est\u00e3o a cria\u00e7\u00e3o de centros de apoio psicol\u00f3gico e jur\u00eddico para mulheres em situa\u00e7\u00e3o de viol\u00eancia, al\u00e9m da amplia\u00e7\u00e3o de programas de capacita\u00e7\u00e3o profissional voltados para a inser\u00e7\u00e3o das mulheres no mercado de trabalho, com foco especial em m\u00e3es solo e mulheres de baixa renda.<\/p>\n<p>\u201cPrecisamos garantir que as mulheres tenham as ferramentas necess\u00e1rias para se reerguerem. Isso passa pela independ\u00eancia financeira, acesso \u00e0 educa\u00e7\u00e3o e suporte em momentos de vulnerabilidade\u201d, afirma a candidata. Ela tamb\u00e9m defende pol\u00edticas de incentivo ao empreendedorismo feminino, como microcr\u00e9ditos e cursos de gest\u00e3o financeira.<\/p>\n<p><strong>*Inclus\u00e3o Social: Um Compromisso com os Vulner\u00e1veis*<\/strong><\/p>\n<p>Outro pilar importante do plano de governo de Girleide Oliveira \u00e9 a inclus\u00e3o social de popula\u00e7\u00f5es historicamente marginalizadas, como pessoas com defici\u00eancia, idosos e fam\u00edlias de autistas. Entre as medidas propostas est\u00e1 a cria\u00e7\u00e3o de uma rede de centros de acolhimento para idosos, oferecendo n\u00e3o apenas cuidados m\u00e9dicos e sociais, mas tamb\u00e9m atividades culturais e recreativas para garantir a qualidade de vida na terceira idade.<\/p>\n<p>Ela tamb\u00e9m sugere a implementa\u00e7\u00e3o de um programa municipal para o apoio \u00e0s fam\u00edlias de pessoas com autismo, proporcionando acompanhamento psicol\u00f3gico, capacita\u00e7\u00e3o de profissionais de sa\u00fade e educa\u00e7\u00e3o especializados, al\u00e9m da cria\u00e7\u00e3o de um canal de comunica\u00e7\u00e3o direto com as fam\u00edlias para discutir suas necessidades.<\/p>\n<p>\u201cA inclus\u00e3o social vai al\u00e9m de oferecer cuidados; \u00e9 criar condi\u00e7\u00f5es para que essas pessoas e suas fam\u00edlias tenham voz ativa e sejam realmente integradas \u00e0 sociedade\u201d, ressalta a candidata.<\/p>\n<p><strong>*Enfrentamento da Pobreza e Apoio aos Mais Vulner\u00e1veis*<\/strong><\/p>\n<p>A candidata ainda aposta em pol\u00edticas de combate \u00e0 pobreza, com projetos para garantir moradia digna e seguran\u00e7a alimentar \u00e0s popula\u00e7\u00f5es mais vulner\u00e1veis. Um dos seus projetos principais \u00e9 a cria\u00e7\u00e3o de programas habitacionais para mulheres em situa\u00e7\u00e3o de rua e fam\u00edlias em extrema pobreza, com acesso facilitado a servi\u00e7os sociais e de sa\u00fade.<\/p>\n<p>Outro ponto crucial da sua agenda \u00e9 a defesa do Sistema \u00danico de Assist\u00eancia Social (SUAS), com a amplia\u00e7\u00e3o dos Centros de Refer\u00eancia da Assist\u00eancia Social (CRAS) para melhor atender \u00e0s demandas da popula\u00e7\u00e3o em \u00e1reas perif\u00e9ricas.<\/p>\n<p><strong>*Um Futuro Mais Justo e Inclusivo*<\/strong><\/p>\n<p>Com propostas s\u00f3lidas e uma abordagem voltada para o fortalecimento da comunidade, Girleide Oliveira se coloca como uma voz de mudan\u00e7a no cen\u00e1rio municipal. Seu compromisso com as mulheres e popula\u00e7\u00f5es vulner\u00e1veis \u00e9 a base da sua campanha, prometendo uma atua\u00e7\u00e3o voltada para a constru\u00e7\u00e3o de um futuro mais justo e inclusivo para todos.<\/p>\n<p>&#8220;\u00c9 preciso que o poder p\u00fablico esteja presente na vida dessas pessoas de forma efetiva, garantindo dignidade e oportunidades iguais. Isso \u00e9 o m\u00ednimo que podemos fazer por uma sociedade mais humana e justa&#8221;, finaliza a candidata.<\/p>\n<p>Com a elei\u00e7\u00e3o se aproximando, Girleide Oliveira busca n\u00e3o apenas votos, mas o apoio da popula\u00e7\u00e3o que acredita em uma cidade mais inclusiva e acolhedora.<\/p>\n","protected":false},"excerpt":{"rendered":"<p>Na corrida para as elei\u00e7\u00f5es municipais, a candidata a vereadora e estudante de assist\u00eancia social, Girleide Oliveira, se destaca com propostas focadas na inclus\u00e3o e acolhimento de mulheres, idosos, pessoas com defici\u00eancia e outras popula\u00e7\u00f5es vulner\u00e1veis. Com uma trajet\u00f3ria pautada pelo trabalho social, ela traz para o debate pol\u00edtico um olhar sens\u00edvel e comprometido com as causas que mais afetam essas comunidades. *Fortalecimento das Mulheres na Sociedade* Uma das principais bandeiras de Girleide Oliveira \u00e9 a promo\u00e7\u00e3o da autonomia feminina atrav\u00e9s de pol\u00edticas p\u00fablicas eficazes. Entre suas propostas est\u00e3o a cria\u00e7\u00e3o de centros de apoio psicol\u00f3gico e jur\u00eddico para mulheres [&hellip;]<\/p>\n","protected":false},"author":4,"featured_media":167059,"comment_status":"open","ping_status":"open","sticky":false,"template":"","format":"standard","meta":[],"categories":[14],"tags":[1780,1038,385,440,528,389],"_links":{"self":[{"href":"https:\/\/www.cronicasdeitarantim.com.br\/v1\/wp-json\/wp\/v2\/posts\/167058"}],"collection":[{"href":"https:\/\/www.cronicasdeitarantim.com.br\/v1\/wp-json\/wp\/v2\/posts"}],"about":[{"href":"https:\/\/www.cronicasdeitarantim.com.br\/v1\/wp-json\/wp\/v2\/types\/post"}],"author":[{"embeddable":true,"href":"https:\/\/www.cronicasdeitarantim.com.br\/v1\/wp-json\/wp\/v2\/users\/4"}],"replies":[{"embeddable":true,"href":"https:\/\/www.cronicasdeitarantim.com.br\/v1\/wp-json\/wp\/v2\/comments?post=167058"}],"version-history":[{"count":1,"href":"https:\/\/www.cronicasdeitarantim.com.br\/v1\/wp-json\/wp\/v2\/posts\/167058\/revisions"}],"predecessor-version":[{"id":167060,"href":"https:\/\/www.cronicasdeitarantim.com.br\/v1\/wp-json\/wp\/v2\/posts\/167058\/revisions\/167060"}],"wp:featuredmedia":[{"embeddable":true,"href":"https:\/\/www.cronicasdeitarantim.com.br\/v1\/wp-json\/wp\/v2\/media\/167059"}],"wp:attachment":[{"href":"https:\/\/www.cronicasdeitarantim.com.br\/v1\/wp-json\/wp\/v2\/media?parent=167058"}],"wp:term":[{"taxonomy":"category","embeddable":true,"href":"https:\/\/www.cronicasdeitarantim.com.br\/v1\/wp-json\/wp\/v2\/categories?post=167058"},{"taxonomy":"post_tag","embeddable":true,"href":"https:\/\/www.cronicasdeitarantim.com.br\/v1\/wp-json\/wp\/v2\/tags?post=167058"}],"curies":[{"name":"wp","href":"https:\/\/api.w.org\/{rel}","templated":true}]}}