{"id":166900,"date":"2024-09-27T11:30:58","date_gmt":"2024-09-27T14:30:58","guid":{"rendered":"https:\/\/www.cronicasdeitarantim.com.br\/v1\/?p=166900"},"modified":"2024-09-27T11:30:58","modified_gmt":"2024-09-27T14:30:58","slug":"justica-vereador-de-cidade-baiana-pega-20-anos-de-prisao-por-homicidio","status":"publish","type":"post","link":"https:\/\/www.cronicasdeitarantim.com.br\/v1\/2024\/09\/27\/justica-vereador-de-cidade-baiana-pega-20-anos-de-prisao-por-homicidio\/","title":{"rendered":"Justi\u00e7a: Vereador de cidade baiana pega 20 anos de pris\u00e3o por homic\u00eddio"},"content":{"rendered":"<h4>O vereador Jos\u00e9 Alberto de Carvalho Pereira, conhecido como Z\u00e9 Lamb\u00e3o que tamb\u00e9m foi presidente da C\u00e2mara da cidade de Campo Formoso no norte da Bahia, pegou 20 anos de pris\u00e3o em regime fechado pelo assassinato de Andr\u00e9 Luiz de Oliveira Coelho.<\/h4>\n<h4>O crime ocorreu no dia 7 de novembro de 2016, ap\u00f3s uma discuss\u00e3o entre o vereador e a v\u00edtima sobre promessas de campanha n\u00e3o cumpridas, incluindo o abastecimento de \u00e1gua pot\u00e1vel no distrito de Po\u00e7os. De acordo com a acusa\u00e7\u00e3o do MP da Bahia, sustentada pelo promotor de Justi\u00e7a, Z\u00e9 Lamb\u00e3o e Andr\u00e9 Luiz se desentenderam em um bar na zona rural do munic\u00edpio.<\/h4>\n<div class=\"conteudo_post\">\n<h4>A senten\u00e7a foi proferida nesta quinta-feira (26), durante julgamento no Tribunal do J\u00fari, realizado em Salvador, que acatou den\u00fancia do Minist\u00e9rio P\u00fablico da Bahia. A condena\u00e7\u00e3o foi por homic\u00eddio qualificado por motivo f\u00fatil e por dificultar a defesa da v\u00edtima, al\u00e9m de porte ilegal de arma de fogo de uso restrito.<\/h4>\n<h4>Ap\u00f3s a discuss\u00e3o, o vereador efetuou disparos fatais contra a v\u00edtima com uma pistola Taurus PT.40, de uso restrito. Testemunhas relataram que a v\u00edtima cobrou promessas pol\u00edticas feitas durante a campanha eleitoral, o que motivou a rea\u00e7\u00e3o violenta de Pereira.<\/h4>\n<h4>De acordo com informa\u00e7\u00f5es, a mudan\u00e7a de local do julgamento para Salvador ocorreu devido \u00e0 influ\u00eancia pol\u00edtica do r\u00e9u na regi\u00e3o, o que poderia comprometer a imparcialidade do Conselho de Senten\u00e7a.<\/h4>\n<p>&nbsp;<\/p>\n<\/div>\n<div id=\"div-share\"><\/div>\n","protected":false},"excerpt":{"rendered":"<p>O vereador Jos\u00e9 Alberto de Carvalho Pereira, conhecido como Z\u00e9 Lamb\u00e3o que tamb\u00e9m foi presidente da C\u00e2mara da cidade de Campo Formoso no norte da Bahia, pegou 20 anos de pris\u00e3o em regime fechado pelo assassinato de Andr\u00e9 Luiz de Oliveira Coelho. O crime ocorreu no dia 7 de novembro de 2016, ap\u00f3s uma discuss\u00e3o entre o vereador e a v\u00edtima sobre promessas de campanha n\u00e3o cumpridas, incluindo o abastecimento de \u00e1gua pot\u00e1vel no distrito de Po\u00e7os. De acordo com a acusa\u00e7\u00e3o do MP da Bahia, sustentada pelo promotor de Justi\u00e7a, Z\u00e9 Lamb\u00e3o e Andr\u00e9 Luiz se desentenderam em um [&hellip;]<\/p>\n","protected":false},"author":4,"featured_media":166901,"comment_status":"open","ping_status":"open","sticky":false,"template":"","format":"standard","meta":[],"categories":[306],"tags":[2522,1780,485,434,593,444],"_links":{"self":[{"href":"https:\/\/www.cronicasdeitarantim.com.br\/v1\/wp-json\/wp\/v2\/posts\/166900"}],"collection":[{"href":"https:\/\/www.cronicasdeitarantim.com.br\/v1\/wp-json\/wp\/v2\/posts"}],"about":[{"href":"https:\/\/www.cronicasdeitarantim.com.br\/v1\/wp-json\/wp\/v2\/types\/post"}],"author":[{"embeddable":true,"href":"https:\/\/www.cronicasdeitarantim.com.br\/v1\/wp-json\/wp\/v2\/users\/4"}],"replies":[{"embeddable":true,"href":"https:\/\/www.cronicasdeitarantim.com.br\/v1\/wp-json\/wp\/v2\/comments?post=166900"}],"version-history":[{"count":1,"href":"https:\/\/www.cronicasdeitarantim.com.br\/v1\/wp-json\/wp\/v2\/posts\/166900\/revisions"}],"predecessor-version":[{"id":166902,"href":"https:\/\/www.cronicasdeitarantim.com.br\/v1\/wp-json\/wp\/v2\/posts\/166900\/revisions\/166902"}],"wp:featuredmedia":[{"embeddable":true,"href":"https:\/\/www.cronicasdeitarantim.com.br\/v1\/wp-json\/wp\/v2\/media\/166901"}],"wp:attachment":[{"href":"https:\/\/www.cronicasdeitarantim.com.br\/v1\/wp-json\/wp\/v2\/media?parent=166900"}],"wp:term":[{"taxonomy":"category","embeddable":true,"href":"https:\/\/www.cronicasdeitarantim.com.br\/v1\/wp-json\/wp\/v2\/categories?post=166900"},{"taxonomy":"post_tag","embeddable":true,"href":"https:\/\/www.cronicasdeitarantim.com.br\/v1\/wp-json\/wp\/v2\/tags?post=166900"}],"curies":[{"name":"wp","href":"https:\/\/api.w.org\/{rel}","templated":true}]}}