{"id":166891,"date":"2024-09-26T22:24:20","date_gmt":"2024-09-27T01:24:20","guid":{"rendered":"https:\/\/www.cronicasdeitarantim.com.br\/v1\/?p=166891"},"modified":"2024-09-26T22:31:04","modified_gmt":"2024-09-27T01:31:04","slug":"cultura-escritor-e-poeta-da-cidade-de-itapetinga-valdeique-oliveira-lancara-novo-livro","status":"publish","type":"post","link":"https:\/\/www.cronicasdeitarantim.com.br\/v1\/2024\/09\/26\/cultura-escritor-e-poeta-da-cidade-de-itapetinga-valdeique-oliveira-lancara-novo-livro\/","title":{"rendered":"Cultura: Escritor e poeta da cidade de Itapetinga, Valdeique Oliveira, lan\u00e7ar\u00e1 novo livro"},"content":{"rendered":"<h4>Valdeique Oliveira \u00e9 um artista atuante na cultura e em diversos territ\u00f3rios da Bahia e Brasil. O artista se destaca como um ativista cultural e por sua diversidade nas artes do teatro, cinema e principalmente na literatura. O escritor est\u00e1 com um livro que antes de ser lan\u00e7ado j\u00e1 tem se destacado, pois foi inspirado e feito para o espet\u00e1culo de teatro e foi adaptado pelo autor para a literatura e teve a apresenta\u00e7\u00e3o feita pelo premiado escritor e contador de hist\u00f3ria Francisco Greg\u00f3rio, do Rio de Janeiro.<\/h4>\n<p><a href=\"https:\/\/www.cronicasdeitarantim.com.br\/v1\/wp-content\/uploads\/2024\/09\/WhatsApp-Image-2024-09-26-at-19.13.18.jpeg\"><img decoding=\"async\" loading=\"lazy\" class=\"size-full wp-image-166894 alignleft\" src=\"https:\/\/www.cronicasdeitarantim.com.br\/v1\/wp-content\/uploads\/2024\/09\/WhatsApp-Image-2024-09-26-at-19.13.18.jpeg\" alt=\"\" width=\"582\" height=\"800\" srcset=\"https:\/\/www.cronicasdeitarantim.com.br\/v1\/wp-content\/uploads\/2024\/09\/WhatsApp-Image-2024-09-26-at-19.13.18.jpeg 582w, https:\/\/www.cronicasdeitarantim.com.br\/v1\/wp-content\/uploads\/2024\/09\/WhatsApp-Image-2024-09-26-at-19.13.18-218x300.jpeg 218w, https:\/\/www.cronicasdeitarantim.com.br\/v1\/wp-content\/uploads\/2024\/09\/WhatsApp-Image-2024-09-26-at-19.13.18-400x550.jpeg 400w, https:\/\/www.cronicasdeitarantim.com.br\/v1\/wp-content\/uploads\/2024\/09\/WhatsApp-Image-2024-09-26-at-19.13.18-437x600.jpeg 437w\" sizes=\"(max-width: 582px) 100vw, 582px\" \/><\/a><\/p>\n<h4>&#8220;O Livro M\u00e1gico dos Sete Reinos&#8221;, obra assinada pelo autor, relata a hist\u00f3ria encantadora e ador\u00e1vel de uma menina cheia de amor pela vida, pela natureza e pela imagina\u00e7\u00e3o. Onde em uma narrativa que faz o leitor se envolver em cada ato e experi\u00eancia de uma crian\u00e7a chamada Lili que se aventura em um reino para salvar os livros e as hist\u00f3rias.<\/h4>\n<h4>O livro ser\u00e1 publicado pela Cogito Editora de Salvador &#8211; BA, e tendo projeto aprovado no edital e apoio da Lei de Fomento \u00e0 Cultura Paulo Gustavo, Minist\u00e9rio da Cultura e Secretaria Municipal de Cultura (Itapetinga &#8211; BA)<\/h4>\n<h4>A obra promete encantar crian\u00e7as e adultos, levando-nos a voar junto com a imagina\u00e7\u00e3o de Lili.<\/h4>\n","protected":false},"excerpt":{"rendered":"<p>Valdeique Oliveira \u00e9 um artista atuante na cultura e em diversos territ\u00f3rios da Bahia e Brasil. O artista se destaca como um ativista cultural e por sua diversidade nas artes do teatro, cinema e principalmente na literatura. O escritor est\u00e1 com um livro que antes de ser lan\u00e7ado j\u00e1 tem se destacado, pois foi inspirado e feito para o espet\u00e1culo de teatro e foi adaptado pelo autor para a literatura e teve a apresenta\u00e7\u00e3o feita pelo premiado escritor e contador de hist\u00f3ria Francisco Greg\u00f3rio, do Rio de Janeiro. &#8220;O Livro M\u00e1gico dos Sete Reinos&#8221;, obra assinada pelo autor, relata a [&hellip;]<\/p>\n","protected":false},"author":4,"featured_media":166892,"comment_status":"open","ping_status":"open","sticky":false,"template":"","format":"standard","meta":[],"categories":[538],"tags":[1780,110,425,1465,427],"_links":{"self":[{"href":"https:\/\/www.cronicasdeitarantim.com.br\/v1\/wp-json\/wp\/v2\/posts\/166891"}],"collection":[{"href":"https:\/\/www.cronicasdeitarantim.com.br\/v1\/wp-json\/wp\/v2\/posts"}],"about":[{"href":"https:\/\/www.cronicasdeitarantim.com.br\/v1\/wp-json\/wp\/v2\/types\/post"}],"author":[{"embeddable":true,"href":"https:\/\/www.cronicasdeitarantim.com.br\/v1\/wp-json\/wp\/v2\/users\/4"}],"replies":[{"embeddable":true,"href":"https:\/\/www.cronicasdeitarantim.com.br\/v1\/wp-json\/wp\/v2\/comments?post=166891"}],"version-history":[{"count":2,"href":"https:\/\/www.cronicasdeitarantim.com.br\/v1\/wp-json\/wp\/v2\/posts\/166891\/revisions"}],"predecessor-version":[{"id":166895,"href":"https:\/\/www.cronicasdeitarantim.com.br\/v1\/wp-json\/wp\/v2\/posts\/166891\/revisions\/166895"}],"wp:featuredmedia":[{"embeddable":true,"href":"https:\/\/www.cronicasdeitarantim.com.br\/v1\/wp-json\/wp\/v2\/media\/166892"}],"wp:attachment":[{"href":"https:\/\/www.cronicasdeitarantim.com.br\/v1\/wp-json\/wp\/v2\/media?parent=166891"}],"wp:term":[{"taxonomy":"category","embeddable":true,"href":"https:\/\/www.cronicasdeitarantim.com.br\/v1\/wp-json\/wp\/v2\/categories?post=166891"},{"taxonomy":"post_tag","embeddable":true,"href":"https:\/\/www.cronicasdeitarantim.com.br\/v1\/wp-json\/wp\/v2\/tags?post=166891"}],"curies":[{"name":"wp","href":"https:\/\/api.w.org\/{rel}","templated":true}]}}