{"id":166792,"date":"2024-09-22T15:04:01","date_gmt":"2024-09-22T18:04:01","guid":{"rendered":"https:\/\/www.cronicasdeitarantim.com.br\/v1\/?p=166792"},"modified":"2024-09-22T15:07:15","modified_gmt":"2024-09-22T18:07:15","slug":"itarantim-se-pegarmos-a-historia-de-caminhadas-politicas-na-cidade-a-de-fabio-gusmao-neste-sabado-foi-fichinha","status":"publish","type":"post","link":"https:\/\/www.cronicasdeitarantim.com.br\/v1\/2024\/09\/22\/itarantim-se-pegarmos-a-historia-de-caminhadas-politicas-na-cidade-a-de-fabio-gusmao-neste-sabado-foi-fichinha\/","title":{"rendered":"Itarantim: Se pegarmos a hist\u00f3ria de caminhadas pol\u00edticas na cidade, a de F\u00e1bio Gusm\u00e3o neste s\u00e1bado foi fichinha"},"content":{"rendered":"<p>Eu vou dizer uma coisa aqui para quem l\u00ea as colunas pol\u00edticas deste ve\u00edculo de comunica\u00e7\u00e3o da cidade, e voc\u00eas podem ter absoluta certeza, especialmente aqueles que t\u00eam mais de 30 anos de idade: posso garantir que a caminhada realizada na noite deste s\u00e1bado (21) pelo prefeito de Itarantim, F\u00e1bio Gusm\u00e3o, que briga pela reelei\u00e7\u00e3o, nunca foi a maior da hist\u00f3ria pol\u00edtica da cidade.<\/p>\n<p>Para quem acompanhou a pol\u00edtica em Itarantim nos anos 90, p\u00f4de ver caminhadas muito maiores. Nem vou mencionar a pol\u00edtica dos anos 80, pois quero refrescar a mem\u00f3ria com o que \u00e9 mais recente: as disputas entre Gide\u00e3o Matos e Ricardo Souto. Estes sim levavam gente para a rua, em um tempo em que pared\u00f5es n\u00e3o tomavam espa\u00e7o de ningu\u00e9m e caminhadas n\u00e3o eram &#8220;sopa rala&#8221;.<\/p>\n<p>E posso afirmar, mais recente, a de Paulo Constru\u00e7\u00e3o em 2016. Quem se lembra?<\/p>\n<p>Tenho a mem\u00f3ria viva e recordo quando Ricardo Souto, prefeito por duas vezes nesta cidade, tomou as ruas com uma onda verde; avenidas e casas pareciam florestas virgens. Houve uma caminhada que saiu do bairro Senhor do Bonfim e deu a volta praticamente nas principais ruas da cidade \u2014 Tancredo Neves, Bob Kennedy \u2014 ocupando o centro, com uma multid\u00e3o amontoada. N\u00e3o havia falhas como se p\u00f4de notar na caminhada do prefeito neste s\u00e1bado, que eles est\u00e3o considerando a maior da hist\u00f3ria, mas que nunca ser\u00e1.<\/p>\n<p>Gide\u00e3o Matos prefeito por tr\u00eas mandatos n\u00e3o ficava para tr\u00e1s. Bairros mais perif\u00e9ricos e ruas do centro se coloriam de vermelho e s\u00edmbolos da on\u00e7a. Quem n\u00e3o se lembra daquele famoso encontro das duas caminhadas? Gide\u00e3o levava uma multid\u00e3o que metia medo pela aglomera\u00e7\u00e3o de gente por metros quadrados.<\/p>\n<p>Eles n\u00e3o podem afirmar nunca que a caminhada de ontem (s\u00e1bado, 21) foi a maior da hist\u00f3ria pol\u00edtica de Itarantim, porque n\u00e3o foi. Eu observei cada detalhe da caminhada em imagens disponibilizadas nas redes sociais. Como disse antes, as caminhadas de Gide\u00e3o e Ricardo eram repletas de gente, com apenas um trio na frente; diferente desta \u00faltima, onde perdi at\u00e9 as contas de quantos pared\u00f5es ocupavam os espa\u00e7os e pude perceber diversas falhas tamb\u00e9m.<\/p>\n<p>N\u00e3o estou aqui fazendo proselitismo afirmando que a caminhada do prefeito n\u00e3o atraiu pessoas; eu estaria mentindo ao dizer que n\u00e3o deu gente. No entanto, acredito que se o prefeito fizer uma boa an\u00e1lise \u2014 especialmente quando se tem a m\u00e1quina na m\u00e3o e o poder financeiro \u2014 o evento decepcionou ele e seu grupo pol\u00edtico.<\/p>\n<p>Isso seria muito diferente da oposi\u00e7\u00e3o hoje liderada por uma candidata que entrou no processo faltando praticamente dois meses. Vamos pegar como exemplo a candidata Ana Paula Dantas, que entrou na elei\u00e7\u00e3o ap\u00f3s um bate-cabe\u00e7a da oposi\u00e7\u00e3o que inicialmente ficou sem nenhum candidato para a disputa. O prefeito que tenta se reeleger tem obriga\u00e7\u00e3o de levar uma multid\u00e3o \u00e0s ruas por esses fatores descritos. O evento, para mim e para muitos que conhecem um pouco da pol\u00edtica da cidade e pelo que foi planejado, decepcionou o grupo do prefeito.<\/p>\n<p>Mas, por fim, cada um conta suas hist\u00f3rias atrav\u00e9s de sua \u00f3tica e seu ponto de vista. Seguimos at\u00e9 o dia 6 de outubro&#8230;<\/p>\n<p>&nbsp;<\/p>\n","protected":false},"excerpt":{"rendered":"<p>Eu vou dizer uma coisa aqui para quem l\u00ea as colunas pol\u00edticas deste ve\u00edculo de comunica\u00e7\u00e3o da cidade, e voc\u00eas podem ter absoluta certeza, especialmente aqueles que t\u00eam mais de 30 anos de idade: posso garantir que a caminhada realizada na noite deste s\u00e1bado (21) pelo prefeito de Itarantim, F\u00e1bio Gusm\u00e3o, que briga pela reelei\u00e7\u00e3o, nunca foi a maior da hist\u00f3ria pol\u00edtica da cidade. Para quem acompanhou a pol\u00edtica em Itarantim nos anos 90, p\u00f4de ver caminhadas muito maiores. Nem vou mencionar a pol\u00edtica dos anos 80, pois quero refrescar a mem\u00f3ria com o que \u00e9 mais recente: as disputas [&hellip;]<\/p>\n","protected":false},"author":4,"featured_media":166793,"comment_status":"open","ping_status":"open","sticky":false,"template":"","format":"standard","meta":[],"categories":[304],"tags":[1780,1772,385,389],"_links":{"self":[{"href":"https:\/\/www.cronicasdeitarantim.com.br\/v1\/wp-json\/wp\/v2\/posts\/166792"}],"collection":[{"href":"https:\/\/www.cronicasdeitarantim.com.br\/v1\/wp-json\/wp\/v2\/posts"}],"about":[{"href":"https:\/\/www.cronicasdeitarantim.com.br\/v1\/wp-json\/wp\/v2\/types\/post"}],"author":[{"embeddable":true,"href":"https:\/\/www.cronicasdeitarantim.com.br\/v1\/wp-json\/wp\/v2\/users\/4"}],"replies":[{"embeddable":true,"href":"https:\/\/www.cronicasdeitarantim.com.br\/v1\/wp-json\/wp\/v2\/comments?post=166792"}],"version-history":[{"count":5,"href":"https:\/\/www.cronicasdeitarantim.com.br\/v1\/wp-json\/wp\/v2\/posts\/166792\/revisions"}],"predecessor-version":[{"id":166798,"href":"https:\/\/www.cronicasdeitarantim.com.br\/v1\/wp-json\/wp\/v2\/posts\/166792\/revisions\/166798"}],"wp:featuredmedia":[{"embeddable":true,"href":"https:\/\/www.cronicasdeitarantim.com.br\/v1\/wp-json\/wp\/v2\/media\/166793"}],"wp:attachment":[{"href":"https:\/\/www.cronicasdeitarantim.com.br\/v1\/wp-json\/wp\/v2\/media?parent=166792"}],"wp:term":[{"taxonomy":"category","embeddable":true,"href":"https:\/\/www.cronicasdeitarantim.com.br\/v1\/wp-json\/wp\/v2\/categories?post=166792"},{"taxonomy":"post_tag","embeddable":true,"href":"https:\/\/www.cronicasdeitarantim.com.br\/v1\/wp-json\/wp\/v2\/tags?post=166792"}],"curies":[{"name":"wp","href":"https:\/\/api.w.org\/{rel}","templated":true}]}}