{"id":166676,"date":"2024-09-16T22:11:07","date_gmt":"2024-09-17T01:11:07","guid":{"rendered":"https:\/\/www.cronicasdeitarantim.com.br\/v1\/?p=166676"},"modified":"2024-09-16T22:11:07","modified_gmt":"2024-09-17T01:11:07","slug":"lula-sancionou-lei-que-cria-o-dia-nacional-da-pastora-evangelica-e-do-pastor-evangelico","status":"publish","type":"post","link":"https:\/\/www.cronicasdeitarantim.com.br\/v1\/2024\/09\/16\/lula-sancionou-lei-que-cria-o-dia-nacional-da-pastora-evangelica-e-do-pastor-evangelico\/","title":{"rendered":"Lula sancionou lei que cria o Dia Nacional da Pastora Evang\u00e9lica e do Pastor Evang\u00e9lico"},"content":{"rendered":"<div class=\"conteudo_post\">\n<p>O presidente Lula (PT) sancionou nesta segunda-feira (16) a lei que cria o Dia Nacional da Pastora Evang\u00e9lica e do Pastor Evang\u00e9lico. A data ser\u00e1 comemorada anualmente no segundo domingo do m\u00eas de junho. O texto foi publicado na edi\u00e7\u00e3o desta segunda-feira (16) do Di\u00e1rio Oficial da Uni\u00e3o.<\/p>\n<p>A lei foi aprovada pelo Congresso Nacional e teve autoria do ex-deputado federal por Goi\u00e1s Jo\u00e3o Campos. Relatada pelo senador Zequinha Marinho (Podemos-PA), a mat\u00e9ria foi aprovada na Comiss\u00e3o de Educa\u00e7\u00e3o e Cultura do Senado em 13 de agosto. De acordo com o Pal\u00e1cio do Planalto, a legisla\u00e7\u00e3o pretende reconhecer e valorizar o trabalho e a contribui\u00e7\u00e3o das lideran\u00e7as religiosas evang\u00e9licas no Brasil.<\/p>\n<p>\u201cA san\u00e7\u00e3o oferece uma oportunidade oficial para reconhecer e valorizar o trabalho das pastoras e pastores evang\u00e9licos, destacando sua contribui\u00e7\u00e3o para as comunidades e a sociedade\u201d, diz.<\/p>\n<p>O Dia Nacional da Pastora Evang\u00e9lica e do Pastor Evang\u00e9lico j\u00e1 \u00e9 comemorado em igrejas e consta no calend\u00e1rio oficial de alguns munic\u00edpios. De acordo com os dados do Censo de 2010, pouco mais de 22% da popula\u00e7\u00e3o se declarava evang\u00e9lica. Os dados sobre religi\u00e3o de 2022 do IBGE est\u00e3o sendo processados e ainda n\u00e3o foram divulgados. Segundo levantamento do Datafolha, 31% dos brasileiros se declaravam evang\u00e9licos em 2020.<\/p>\n<div>\n<div class=\"trv-player-container\">\n<div class=\"trv-wrapper\">\n<div id=\"br_video_player_e338090fb19378607c66a659a41eed9dc3c659f9\" class=\"trvd_video_player\">\n<div class=\"loader-bg-transparent\">\n<div class=\"loader-transparent\">O documento elenca recomenda\u00e7\u00f5es para lidar com os fi\u00e9is, como a de n\u00e3o encarar todos eles como fundamentalistas. O termo \u00e9 associado a uma extrema direita crist\u00e3 que, no Brasil, aparentou-se ao bolsonarismo.<\/div>\n<\/div>\n<\/div>\n<\/div>\n<\/div>\n<\/div>\n<p><strong>Aceita\u00e7\u00e3o do segmento<\/strong>\u00a0\u2013 Em abril, a Folha mostrou que Lula articulava a\u00e7\u00f5es para reagir contra a crise de popularidade entre os religiosos. Pesquisa Datafolha divulgada em 21 de mar\u00e7o mostrou que o governo Lula tinha avalia\u00e7\u00e3o \u00f3tima ou boa de 35%, enquanto 33% consideram a gest\u00e3o ruim ou p\u00e9ssima, e 30%, regular. Um recorte espec\u00edfico junto ao p\u00fablico evang\u00e9lico mostra que a reprova\u00e7\u00e3o, antes de 38% em dezembro, subiu no terceiro m\u00eas de 2024 para 43%.<\/p>\n<\/div>\n<div id=\"div-share\"><\/div>\n","protected":false},"excerpt":{"rendered":"<p>O presidente Lula (PT) sancionou nesta segunda-feira (16) a lei que cria o Dia Nacional da Pastora Evang\u00e9lica e do Pastor Evang\u00e9lico. A data ser\u00e1 comemorada anualmente no segundo domingo do m\u00eas de junho. O texto foi publicado na edi\u00e7\u00e3o desta segunda-feira (16) do Di\u00e1rio Oficial da Uni\u00e3o. A lei foi aprovada pelo Congresso Nacional e teve autoria do ex-deputado federal por Goi\u00e1s Jo\u00e3o Campos. Relatada pelo senador Zequinha Marinho (Podemos-PA), a mat\u00e9ria foi aprovada na Comiss\u00e3o de Educa\u00e7\u00e3o e Cultura do Senado em 13 de agosto. De acordo com o Pal\u00e1cio do Planalto, a legisla\u00e7\u00e3o pretende reconhecer e valorizar [&hellip;]<\/p>\n","protected":false},"author":4,"featured_media":166677,"comment_status":"open","ping_status":"open","sticky":false,"template":"","format":"standard","meta":[],"categories":[1],"tags":[433,1780,3069,189,2168,2447],"_links":{"self":[{"href":"https:\/\/www.cronicasdeitarantim.com.br\/v1\/wp-json\/wp\/v2\/posts\/166676"}],"collection":[{"href":"https:\/\/www.cronicasdeitarantim.com.br\/v1\/wp-json\/wp\/v2\/posts"}],"about":[{"href":"https:\/\/www.cronicasdeitarantim.com.br\/v1\/wp-json\/wp\/v2\/types\/post"}],"author":[{"embeddable":true,"href":"https:\/\/www.cronicasdeitarantim.com.br\/v1\/wp-json\/wp\/v2\/users\/4"}],"replies":[{"embeddable":true,"href":"https:\/\/www.cronicasdeitarantim.com.br\/v1\/wp-json\/wp\/v2\/comments?post=166676"}],"version-history":[{"count":1,"href":"https:\/\/www.cronicasdeitarantim.com.br\/v1\/wp-json\/wp\/v2\/posts\/166676\/revisions"}],"predecessor-version":[{"id":166678,"href":"https:\/\/www.cronicasdeitarantim.com.br\/v1\/wp-json\/wp\/v2\/posts\/166676\/revisions\/166678"}],"wp:featuredmedia":[{"embeddable":true,"href":"https:\/\/www.cronicasdeitarantim.com.br\/v1\/wp-json\/wp\/v2\/media\/166677"}],"wp:attachment":[{"href":"https:\/\/www.cronicasdeitarantim.com.br\/v1\/wp-json\/wp\/v2\/media?parent=166676"}],"wp:term":[{"taxonomy":"category","embeddable":true,"href":"https:\/\/www.cronicasdeitarantim.com.br\/v1\/wp-json\/wp\/v2\/categories?post=166676"},{"taxonomy":"post_tag","embeddable":true,"href":"https:\/\/www.cronicasdeitarantim.com.br\/v1\/wp-json\/wp\/v2\/tags?post=166676"}],"curies":[{"name":"wp","href":"https:\/\/api.w.org\/{rel}","templated":true}]}}