{"id":166564,"date":"2024-09-13T13:27:19","date_gmt":"2024-09-13T16:27:19","guid":{"rendered":"https:\/\/www.cronicasdeitarantim.com.br\/v1\/?p=166564"},"modified":"2024-09-13T13:27:19","modified_gmt":"2024-09-13T16:27:19","slug":"religiosidade-em-itarantim-comunidade-de-matriz-africana-celebra-cosme-e-damiao-ibeji-com-caruru-e-atraem-varias-criancas","status":"publish","type":"post","link":"https:\/\/www.cronicasdeitarantim.com.br\/v1\/2024\/09\/13\/religiosidade-em-itarantim-comunidade-de-matriz-africana-celebra-cosme-e-damiao-ibeji-com-caruru-e-atraem-varias-criancas\/","title":{"rendered":"Religiosidade em Itarantim: Comunidade de Matriz Africana celebra Cosme e Dami\u00e3o\/Ibeji com caruru e atraem v\u00e1rias crian\u00e7as"},"content":{"rendered":"<p>Na noite desta quinta-feira (12), Itarantim celebrou uma linda festa em homenagem aos Santos G\u00eameos, conhecidos na Igreja Cat\u00f3lica como S\u00e3o Cosme e Dami\u00e3o. Embora a celebra\u00e7\u00e3o oficial ocorra sempre no dia 26 de setembro, pela igreja cat\u00f3lica, as religi\u00f5es de matriz africana costumam celebr\u00e1-la um dia depois, no dia 27.<\/p>\n<p>A festividade desta quinta-feira ocorreu de forma espont\u00e2nea e atraiu uma diversidade de pessoas: adeptos da religi\u00e3o, fi\u00e9is e, especialmente, crian\u00e7as que compareceram para manter a tradi\u00e7\u00e3o da distribui\u00e7\u00e3o de doces. De acordo com informa\u00e7\u00f5es dos organizadores, foi uma festa cultural, repleta de rezas e pedidos de prote\u00e7\u00e3o para nossas crian\u00e7as, j\u00e1 que setembro \u00e9 o m\u00eas dedicado a elas e a S\u00e3o Cosme e Dami\u00e3o\/Ibeji.<\/p>\n<p>Os organizadores informaram que, embora a festa geralmente seja celebrada no dia 27, a antecipa\u00e7\u00e3o para esta quinta-feira foi decidida devido \u00e0 agenda de outras cidades que tamb\u00e9m realizar\u00e3o suas celebra\u00e7\u00f5es.<\/p>\n<p>A comemora\u00e7\u00e3o foi um momento de alegria contagiante, com dan\u00e7as, fartura de doces e crian\u00e7as ao redor de uma mesa linda que foi montada. O tradicional caruru foi servido, oferecendo iguarias t\u00edpicas aos participantes.<\/p>\n<p><strong>*Hist\u00f3ria:*<\/strong><\/p>\n<p>No candombl\u00e9, Cosme e Dami\u00e3o s\u00e3o associados aos orix\u00e1s g\u00eameos Ibeji, que, segundo a tradi\u00e7\u00e3o, s\u00e3o filhos de Xang\u00f4 e Ians\u00e3. A celebra\u00e7\u00e3o ocorre no dia 27 de setembro, com a distribui\u00e7\u00e3o de doces como forma de agradar as divindades.<\/p>\n<p>Por serem vistos como protetores das crian\u00e7as, a celebra\u00e7\u00e3o de Cosme e Dami\u00e3o nas religi\u00f5es de matriz africana se relaciona intimamente ao ato de dar doces \u00e0s crian\u00e7as.<\/p>\n<p>No Brasil, a devo\u00e7\u00e3o a S\u00e3o Cosme e Dami\u00e3o foi trazida pelos portugueses em meados do s\u00e9culo XVI. Com o tempo, essa devo\u00e7\u00e3o passou por um fen\u00f4meno de sincretismo religioso e come\u00e7ou a ser associada ao culto da umbanda e do candombl\u00e9.<\/p>\n<p>O impacto do sincretismo religioso entre o cristianismo e as religi\u00f5es africanas \u00e9 not\u00e1vel. Os africanos trazidos \u00e0 for\u00e7a como escravos para o Brasil e seus descendentes passaram a associar seus orix\u00e1s a santos crist\u00e3os como forma de preservar suas cren\u00e7as e tradi\u00e7\u00f5es. No caso de S\u00e3o Cosme e S\u00e3o Dami\u00e3o, foi feita uma associa\u00e7\u00e3o com os g\u00eameos Ibejis, orix\u00e1s infantis.<\/p>\n<p>Para o catolicismo, n\u00e3o h\u00e1 liga\u00e7\u00e3o entre os irm\u00e3os e as crian\u00e7as ou a distribui\u00e7\u00e3o de doces. Essa pr\u00e1tica surgiu da associa\u00e7\u00e3o feita pelos escravos entre Cosme e Dami\u00e3o e os orix\u00e1s da umbanda e do candombl\u00e9. A tradi\u00e7\u00e3o de dar doces est\u00e1 diretamente relacionada aos dois orix\u00e1s infantis que foram associados a Cosme e Dami\u00e3o.<\/p>\n","protected":false},"excerpt":{"rendered":"<p>Na noite desta quinta-feira (12), Itarantim celebrou uma linda festa em homenagem aos Santos G\u00eameos, conhecidos na Igreja Cat\u00f3lica como S\u00e3o Cosme e Dami\u00e3o. Embora a celebra\u00e7\u00e3o oficial ocorra sempre no dia 26 de setembro, pela igreja cat\u00f3lica, as religi\u00f5es de matriz africana costumam celebr\u00e1-la um dia depois, no dia 27. A festividade desta quinta-feira ocorreu de forma espont\u00e2nea e atraiu uma diversidade de pessoas: adeptos da religi\u00e3o, fi\u00e9is e, especialmente, crian\u00e7as que compareceram para manter a tradi\u00e7\u00e3o da distribui\u00e7\u00e3o de doces. De acordo com informa\u00e7\u00f5es dos organizadores, foi uma festa cultural, repleta de rezas e pedidos de prote\u00e7\u00e3o para [&hellip;]<\/p>\n","protected":false},"author":4,"featured_media":166565,"comment_status":"open","ping_status":"open","sticky":false,"template":"","format":"standard","meta":[],"categories":[310],"tags":[1780,3063,3064,385,1366,412,1496],"_links":{"self":[{"href":"https:\/\/www.cronicasdeitarantim.com.br\/v1\/wp-json\/wp\/v2\/posts\/166564"}],"collection":[{"href":"https:\/\/www.cronicasdeitarantim.com.br\/v1\/wp-json\/wp\/v2\/posts"}],"about":[{"href":"https:\/\/www.cronicasdeitarantim.com.br\/v1\/wp-json\/wp\/v2\/types\/post"}],"author":[{"embeddable":true,"href":"https:\/\/www.cronicasdeitarantim.com.br\/v1\/wp-json\/wp\/v2\/users\/4"}],"replies":[{"embeddable":true,"href":"https:\/\/www.cronicasdeitarantim.com.br\/v1\/wp-json\/wp\/v2\/comments?post=166564"}],"version-history":[{"count":1,"href":"https:\/\/www.cronicasdeitarantim.com.br\/v1\/wp-json\/wp\/v2\/posts\/166564\/revisions"}],"predecessor-version":[{"id":166566,"href":"https:\/\/www.cronicasdeitarantim.com.br\/v1\/wp-json\/wp\/v2\/posts\/166564\/revisions\/166566"}],"wp:featuredmedia":[{"embeddable":true,"href":"https:\/\/www.cronicasdeitarantim.com.br\/v1\/wp-json\/wp\/v2\/media\/166565"}],"wp:attachment":[{"href":"https:\/\/www.cronicasdeitarantim.com.br\/v1\/wp-json\/wp\/v2\/media?parent=166564"}],"wp:term":[{"taxonomy":"category","embeddable":true,"href":"https:\/\/www.cronicasdeitarantim.com.br\/v1\/wp-json\/wp\/v2\/categories?post=166564"},{"taxonomy":"post_tag","embeddable":true,"href":"https:\/\/www.cronicasdeitarantim.com.br\/v1\/wp-json\/wp\/v2\/tags?post=166564"}],"curies":[{"name":"wp","href":"https:\/\/api.w.org\/{rel}","templated":true}]}}