{"id":166555,"date":"2024-09-12T23:57:15","date_gmt":"2024-09-13T02:57:15","guid":{"rendered":"https:\/\/www.cronicasdeitarantim.com.br\/v1\/?p=166555"},"modified":"2024-09-12T23:57:15","modified_gmt":"2024-09-13T02:57:15","slug":"policia-homem-foi-preso-em-potiragua-por-homicidio-em-cidade-do-espirito-santos","status":"publish","type":"post","link":"https:\/\/www.cronicasdeitarantim.com.br\/v1\/2024\/09\/12\/policia-homem-foi-preso-em-potiragua-por-homicidio-em-cidade-do-espirito-santos\/","title":{"rendered":"Pol\u00edcia: Homem foi preso em Potiragu\u00e1 por homic\u00eddio em cidade do Esp\u00edrito Santos"},"content":{"rendered":"<h4>\u00a0A Pol\u00edcia Militar prendeu na tarde desta quinta-feira (12) na cidade de Potiragu\u00e1, atrav\u00e9s de uma den\u00fancia, um homem com mandado de pris\u00e3o em aberto por homic\u00eddio realizado em uma cidade do Esp\u00edrito Santo. A guarni\u00e7\u00e3o se deslocou at\u00e9 a rua Ant\u00f4nio Gon\u00e7alves, local da den\u00fancia e procedeu com a abordagem a dois homens em atitude suspeita onde foi constatado que um dos indiv\u00edduos tinha em seu desfavor um mandado de pris\u00e3o em aberto pelo crime de homic\u00eddio expedido pelo Poder Judici\u00e1rio Capixaba. O indiv\u00edduo com mandado foi encaminhado a Delegacia para cumprimento do mandado de pris\u00e3o.<\/h4>\n","protected":false},"excerpt":{"rendered":"<p>\u00a0A Pol\u00edcia Militar prendeu na tarde desta quinta-feira (12) na cidade de Potiragu\u00e1, atrav\u00e9s de uma den\u00fancia, um homem com mandado de pris\u00e3o em aberto por homic\u00eddio realizado em uma cidade do Esp\u00edrito Santo. A guarni\u00e7\u00e3o se deslocou at\u00e9 a rua Ant\u00f4nio Gon\u00e7alves, local da den\u00fancia e procedeu com a abordagem a dois homens em atitude suspeita onde foi constatado que um dos indiv\u00edduos tinha em seu desfavor um mandado de pris\u00e3o em aberto pelo crime de homic\u00eddio expedido pelo Poder Judici\u00e1rio Capixaba. O indiv\u00edduo com mandado foi encaminhado a Delegacia para cumprimento do mandado de pris\u00e3o.<\/p>\n","protected":false},"author":4,"featured_media":166556,"comment_status":"open","ping_status":"open","sticky":false,"template":"","format":"standard","meta":[],"categories":[306],"tags":[1780,2719,434,437,2632],"_links":{"self":[{"href":"https:\/\/www.cronicasdeitarantim.com.br\/v1\/wp-json\/wp\/v2\/posts\/166555"}],"collection":[{"href":"https:\/\/www.cronicasdeitarantim.com.br\/v1\/wp-json\/wp\/v2\/posts"}],"about":[{"href":"https:\/\/www.cronicasdeitarantim.com.br\/v1\/wp-json\/wp\/v2\/types\/post"}],"author":[{"embeddable":true,"href":"https:\/\/www.cronicasdeitarantim.com.br\/v1\/wp-json\/wp\/v2\/users\/4"}],"replies":[{"embeddable":true,"href":"https:\/\/www.cronicasdeitarantim.com.br\/v1\/wp-json\/wp\/v2\/comments?post=166555"}],"version-history":[{"count":1,"href":"https:\/\/www.cronicasdeitarantim.com.br\/v1\/wp-json\/wp\/v2\/posts\/166555\/revisions"}],"predecessor-version":[{"id":166557,"href":"https:\/\/www.cronicasdeitarantim.com.br\/v1\/wp-json\/wp\/v2\/posts\/166555\/revisions\/166557"}],"wp:featuredmedia":[{"embeddable":true,"href":"https:\/\/www.cronicasdeitarantim.com.br\/v1\/wp-json\/wp\/v2\/media\/166556"}],"wp:attachment":[{"href":"https:\/\/www.cronicasdeitarantim.com.br\/v1\/wp-json\/wp\/v2\/media?parent=166555"}],"wp:term":[{"taxonomy":"category","embeddable":true,"href":"https:\/\/www.cronicasdeitarantim.com.br\/v1\/wp-json\/wp\/v2\/categories?post=166555"},{"taxonomy":"post_tag","embeddable":true,"href":"https:\/\/www.cronicasdeitarantim.com.br\/v1\/wp-json\/wp\/v2\/tags?post=166555"}],"curies":[{"name":"wp","href":"https:\/\/api.w.org\/{rel}","templated":true}]}}