{"id":166501,"date":"2024-09-09T13:38:25","date_gmt":"2024-09-09T16:38:25","guid":{"rendered":"https:\/\/www.cronicasdeitarantim.com.br\/v1\/?p=166501"},"modified":"2024-09-09T13:38:25","modified_gmt":"2024-09-09T16:38:25","slug":"itarantim-morre-jovem-que-foi-esfaqueado-na-alameda","status":"publish","type":"post","link":"https:\/\/www.cronicasdeitarantim.com.br\/v1\/2024\/09\/09\/itarantim-morre-jovem-que-foi-esfaqueado-na-alameda\/","title":{"rendered":"Itarantim: Morre jovem que foi esfaqueado na Alameda"},"content":{"rendered":"<p>Morre jovem que tinha sido esfaqueado na Alameda Ant\u00f4nio Guedes em Itarantim no m\u00eas passado. Sandrinho, como era conhecido na cidade, em especial no meio do esporte, recebeu um golpe de faca ap\u00f3s desentendimento com um homem que j\u00e1 se encontra preso no pres\u00eddio na cidade de Eun\u00e1polis.<\/p>\n<p>O ato de viol\u00eancia praticado com arma branca pelo homem, at\u00e9 o momento \u00e9 desconhecido sobre os reais motivos dele ter esfaqueado o jovem.<\/p>\n<p>Sandrinho ficou desde o dia que foi esfaqueado em estado grave no hospital na UTI. Em contato com alguns familiares, que afirmaram para nossa reda\u00e7\u00e3o, que a situa\u00e7\u00e3o dele era grave e pedia que as pessoas orassem pela recupera\u00e7\u00e3o do jovem que nesta segunda-feira (09) veio a \u00f3bito.<\/p>\n<p>Aos familiares e amigos fica aqui nossa ora\u00e7\u00f5es e que Deus conforte os cora\u00e7\u00f5es.<\/p>\n","protected":false},"excerpt":{"rendered":"<p>Morre jovem que tinha sido esfaqueado na Alameda Ant\u00f4nio Guedes em Itarantim no m\u00eas passado. Sandrinho, como era conhecido na cidade, em especial no meio do esporte, recebeu um golpe de faca ap\u00f3s desentendimento com um homem que j\u00e1 se encontra preso no pres\u00eddio na cidade de Eun\u00e1polis. O ato de viol\u00eancia praticado com arma branca pelo homem, at\u00e9 o momento \u00e9 desconhecido sobre os reais motivos dele ter esfaqueado o jovem. Sandrinho ficou desde o dia que foi esfaqueado em estado grave no hospital na UTI. Em contato com alguns familiares, que afirmaram para nossa reda\u00e7\u00e3o, que a situa\u00e7\u00e3o [&hellip;]<\/p>\n","protected":false},"author":4,"featured_media":166502,"comment_status":"open","ping_status":"open","sticky":false,"template":"","format":"standard","meta":[],"categories":[306],"tags":[1780,385,495,434,444],"_links":{"self":[{"href":"https:\/\/www.cronicasdeitarantim.com.br\/v1\/wp-json\/wp\/v2\/posts\/166501"}],"collection":[{"href":"https:\/\/www.cronicasdeitarantim.com.br\/v1\/wp-json\/wp\/v2\/posts"}],"about":[{"href":"https:\/\/www.cronicasdeitarantim.com.br\/v1\/wp-json\/wp\/v2\/types\/post"}],"author":[{"embeddable":true,"href":"https:\/\/www.cronicasdeitarantim.com.br\/v1\/wp-json\/wp\/v2\/users\/4"}],"replies":[{"embeddable":true,"href":"https:\/\/www.cronicasdeitarantim.com.br\/v1\/wp-json\/wp\/v2\/comments?post=166501"}],"version-history":[{"count":1,"href":"https:\/\/www.cronicasdeitarantim.com.br\/v1\/wp-json\/wp\/v2\/posts\/166501\/revisions"}],"predecessor-version":[{"id":166503,"href":"https:\/\/www.cronicasdeitarantim.com.br\/v1\/wp-json\/wp\/v2\/posts\/166501\/revisions\/166503"}],"wp:featuredmedia":[{"embeddable":true,"href":"https:\/\/www.cronicasdeitarantim.com.br\/v1\/wp-json\/wp\/v2\/media\/166502"}],"wp:attachment":[{"href":"https:\/\/www.cronicasdeitarantim.com.br\/v1\/wp-json\/wp\/v2\/media?parent=166501"}],"wp:term":[{"taxonomy":"category","embeddable":true,"href":"https:\/\/www.cronicasdeitarantim.com.br\/v1\/wp-json\/wp\/v2\/categories?post=166501"},{"taxonomy":"post_tag","embeddable":true,"href":"https:\/\/www.cronicasdeitarantim.com.br\/v1\/wp-json\/wp\/v2\/tags?post=166501"}],"curies":[{"name":"wp","href":"https:\/\/api.w.org\/{rel}","templated":true}]}}