{"id":166435,"date":"2024-09-05T17:09:42","date_gmt":"2024-09-05T20:09:42","guid":{"rendered":"https:\/\/www.cronicasdeitarantim.com.br\/v1\/?p=166435"},"modified":"2024-09-05T17:09:42","modified_gmt":"2024-09-05T20:09:42","slug":"potiragua-unico-posto-de-saude-do-distrito-ficara-fechado-por-uma-semana-moradores-falam-em-abandono-na-saude","status":"publish","type":"post","link":"https:\/\/www.cronicasdeitarantim.com.br\/v1\/2024\/09\/05\/potiragua-unico-posto-de-saude-do-distrito-ficara-fechado-por-uma-semana-moradores-falam-em-abandono-na-saude\/","title":{"rendered":"Potiragu\u00e1: \u00danico Posto de Sa\u00fade do distrito ficar\u00e1 fechado por uma semana, moradores falam em abandono na sa\u00fade"},"content":{"rendered":"<div id=\":rh\" class=\"Am aiL Al editable LW-avf tS-tW tS-tY\" tabindex=\"1\" role=\"textbox\" contenteditable=\"true\" spellcheck=\"false\" aria-label=\"Corpo da mensagem\" aria-multiline=\"true\" aria-owns=\":tw\" aria-controls=\":tw\" aria-expanded=\"false\">\n<p>\u00c9 um absurdo o que est\u00e1 acontecendo no distrito de Itaimb\u00e9, pertencente ao munic\u00edpio de Potiragu\u00e1, afirma uma moradora. O \u00fanico posto de sa\u00fade que atende toda a popula\u00e7\u00e3o ficar\u00e1 fechado entre os dias 05 e 10 deste m\u00eas, deixando milhares de moradores sem acesso a qualquer tipo de atendimento m\u00e9dico! Uma verdadeira neglig\u00eancia com a vida e o bem-estar dos cidad\u00e3os!<\/p>\n<p>E o respons\u00e1vel por isso, segundo afirma moradores a gest\u00e3o da Prefeitura que \u00e9 comandada pelo prefeito Jorge Cheles, que ignora os problemas do distrito, e, a C\u00e2mara de Vereadores do munic\u00edpio que tem como presidente, Gegel, que \u00e9 candidato a vice prefeito que s\u00f3 pensa nos seus pr\u00f3prios interesses, e o candidato a prefeito Elias Carvalho, que j\u00e1 mostrou desinteresse quando ocupava o cargo de secret\u00e1rio de meio ambiente.<\/p>\n<p>Nos parece que a Prefeitura da cidade est\u00e1 mais preocupada com a pol\u00edtica do que com a sa\u00fade do povo, isso caracteriza crime na falta das a\u00e7\u00f5es que competem a administra\u00e7\u00e3o p\u00fablica.<\/p>\n<p>Enquanto eles brincam de pol\u00edtica, a popula\u00e7\u00e3o de Itaimb\u00e9 sofre. Sem m\u00e9dicos, sem enfermeiros, sem nenhum tipo de atendimento, as pessoas est\u00e3o abandonadas \u00e0 pr\u00f3pria sorte. Quem precisa de rem\u00e9dios, vacinas ou qualquer acompanhamento ter\u00e1 que viajar para Potiragu\u00e1 ou ficar em casa, torcendo para n\u00e3o adoecer.<\/p>\n<p>N\u00e3o \u00e9 de agora que a popula\u00e7\u00e3o de Potiragu\u00e1 sofre com o abandono na sa\u00fade p\u00fablica do munic\u00edpio. Em contato com o site, muitos moradores chegaram a afirmar que a secretaria de sa\u00fade n\u00e3o funciona e que a pasta havia sido transferida para a casa do presidente da C\u00e2mara Gegel por interesse puramente pol\u00edtico.<\/p>\n<p>Isso \u00e9 um desrespeito total com a comunidade e uma demonstra\u00e7\u00e3o clara de como esses gestores est\u00e3o desconectados da realidade do povo, afirmou para nossa reportagem os moradores do distrito.<\/p>\n<\/div>\n","protected":false},"excerpt":{"rendered":"<p>\u00c9 um absurdo o que est\u00e1 acontecendo no distrito de Itaimb\u00e9, pertencente ao munic\u00edpio de Potiragu\u00e1, afirma uma moradora. O \u00fanico posto de sa\u00fade que atende toda a popula\u00e7\u00e3o ficar\u00e1 fechado entre os dias 05 e 10 deste m\u00eas, deixando milhares de moradores sem acesso a qualquer tipo de atendimento m\u00e9dico! Uma verdadeira neglig\u00eancia com a vida e o bem-estar dos cidad\u00e3os! E o respons\u00e1vel por isso, segundo afirma moradores a gest\u00e3o da Prefeitura que \u00e9 comandada pelo prefeito Jorge Cheles, que ignora os problemas do distrito, e, a C\u00e2mara de Vereadores do munic\u00edpio que tem como presidente, Gegel, que [&hellip;]<\/p>\n","protected":false},"author":4,"featured_media":166436,"comment_status":"open","ping_status":"open","sticky":false,"template":"","format":"standard","meta":[],"categories":[345],"tags":[553,1780,1335,437,254],"_links":{"self":[{"href":"https:\/\/www.cronicasdeitarantim.com.br\/v1\/wp-json\/wp\/v2\/posts\/166435"}],"collection":[{"href":"https:\/\/www.cronicasdeitarantim.com.br\/v1\/wp-json\/wp\/v2\/posts"}],"about":[{"href":"https:\/\/www.cronicasdeitarantim.com.br\/v1\/wp-json\/wp\/v2\/types\/post"}],"author":[{"embeddable":true,"href":"https:\/\/www.cronicasdeitarantim.com.br\/v1\/wp-json\/wp\/v2\/users\/4"}],"replies":[{"embeddable":true,"href":"https:\/\/www.cronicasdeitarantim.com.br\/v1\/wp-json\/wp\/v2\/comments?post=166435"}],"version-history":[{"count":1,"href":"https:\/\/www.cronicasdeitarantim.com.br\/v1\/wp-json\/wp\/v2\/posts\/166435\/revisions"}],"predecessor-version":[{"id":166437,"href":"https:\/\/www.cronicasdeitarantim.com.br\/v1\/wp-json\/wp\/v2\/posts\/166435\/revisions\/166437"}],"wp:featuredmedia":[{"embeddable":true,"href":"https:\/\/www.cronicasdeitarantim.com.br\/v1\/wp-json\/wp\/v2\/media\/166436"}],"wp:attachment":[{"href":"https:\/\/www.cronicasdeitarantim.com.br\/v1\/wp-json\/wp\/v2\/media?parent=166435"}],"wp:term":[{"taxonomy":"category","embeddable":true,"href":"https:\/\/www.cronicasdeitarantim.com.br\/v1\/wp-json\/wp\/v2\/categories?post=166435"},{"taxonomy":"post_tag","embeddable":true,"href":"https:\/\/www.cronicasdeitarantim.com.br\/v1\/wp-json\/wp\/v2\/tags?post=166435"}],"curies":[{"name":"wp","href":"https:\/\/api.w.org\/{rel}","templated":true}]}}