{"id":166241,"date":"2024-08-29T21:35:05","date_gmt":"2024-08-30T00:35:05","guid":{"rendered":"https:\/\/www.cronicasdeitarantim.com.br\/v1\/?p=166241"},"modified":"2024-08-29T21:35:24","modified_gmt":"2024-08-30T00:35:24","slug":"saude-entidades-medicas-alertam-sobre-cigarros-no-dia-do-combate-ao-fumo","status":"publish","type":"post","link":"https:\/\/www.cronicasdeitarantim.com.br\/v1\/2024\/08\/29\/saude-entidades-medicas-alertam-sobre-cigarros-no-dia-do-combate-ao-fumo\/","title":{"rendered":"Sa\u00fade: Entidades m\u00e9dicas alertam sobre cigarros no Dia do Combate ao Fumo"},"content":{"rendered":"<div class=\"styles__Body-sc-1ffquwr-7 ePhtZb\">\n<h4>No Dia Nacional de Combate ao Fumo, nesta quinta-feira (29), a Funda\u00e7\u00e3o do C\u00e2ncer \u00a0refor\u00e7ou o Movimento VapeOFF, que \u00e9 contra os cigarros eletr\u00f4nicos, fazendo um apelo \u00e0 popula\u00e7\u00e3o para n\u00e3o fazerem uso dos aparelhos e cigarros normais que s\u00e3o respons\u00e1veis pela morte de milhares de pessoas no mundo e no Brasil.<\/h4>\n<h4>Em uma campanha realizada em parceria com a Anup Social, que integra a Associa\u00e7\u00e3o Nacional das Universidades Particulares (ANUP), a entidade espera mobilizar jovens e adultos a aderirem \u00e0 campanha de combate ao uso dos cigarros eletr\u00f4nicos, tamb\u00e9m conhecidos como vapes ou pods.<\/h4>\n<h4>Como parte da campanha, materiais, como videoaulas e depoimentos, est\u00e3o sendo enviadas a professores dos ensinos m\u00e9dio e universit\u00e1rio para discutir a quest\u00e3o do cigarro eletr\u00f4nico. A funda\u00e7\u00e3o ainda conta com o apoio de empresas como Ecoponte e a Onbus, que \u00a0ir\u00e3o veicular de forma gratuita as mensagens da funda\u00e7\u00e3o em suas \u00e1reas de atua\u00e7\u00e3o.<\/h4>\n<h4>No Brasil,\u00a0<b>443 pessoas morrem por dia por causa do fumo.<\/b>\u00a0<b>Por ano, s\u00e3o 161.853 mortes anuais<\/b>. O tabagismo \u00e9 o terceiro fator de risco para anos de vida perdidos ajustados por incapacidade. No mundo, o tabaco mata mais de 8 milh\u00f5es de pessoas anualmente, de acordo com a Organiza\u00e7\u00e3o Mundial de Sa\u00fade (OMS).<\/h4>\n<\/div>\n","protected":false},"excerpt":{"rendered":"<p>No Dia Nacional de Combate ao Fumo, nesta quinta-feira (29), a Funda\u00e7\u00e3o do C\u00e2ncer \u00a0refor\u00e7ou o Movimento VapeOFF, que \u00e9 contra os cigarros eletr\u00f4nicos, fazendo um apelo \u00e0 popula\u00e7\u00e3o para n\u00e3o fazerem uso dos aparelhos e cigarros normais que s\u00e3o respons\u00e1veis pela morte de milhares de pessoas no mundo e no Brasil. Em uma campanha realizada em parceria com a Anup Social, que integra a Associa\u00e7\u00e3o Nacional das Universidades Particulares (ANUP), a entidade espera mobilizar jovens e adultos a aderirem \u00e0 campanha de combate ao uso dos cigarros eletr\u00f4nicos, tamb\u00e9m conhecidos como vapes ou pods. Como parte da campanha, materiais, [&hellip;]<\/p>\n","protected":false},"author":4,"featured_media":166242,"comment_status":"open","ping_status":"open","sticky":false,"template":"","format":"standard","meta":[],"categories":[345],"tags":[433,3033,1780,3031,2380,3032],"_links":{"self":[{"href":"https:\/\/www.cronicasdeitarantim.com.br\/v1\/wp-json\/wp\/v2\/posts\/166241"}],"collection":[{"href":"https:\/\/www.cronicasdeitarantim.com.br\/v1\/wp-json\/wp\/v2\/posts"}],"about":[{"href":"https:\/\/www.cronicasdeitarantim.com.br\/v1\/wp-json\/wp\/v2\/types\/post"}],"author":[{"embeddable":true,"href":"https:\/\/www.cronicasdeitarantim.com.br\/v1\/wp-json\/wp\/v2\/users\/4"}],"replies":[{"embeddable":true,"href":"https:\/\/www.cronicasdeitarantim.com.br\/v1\/wp-json\/wp\/v2\/comments?post=166241"}],"version-history":[{"count":1,"href":"https:\/\/www.cronicasdeitarantim.com.br\/v1\/wp-json\/wp\/v2\/posts\/166241\/revisions"}],"predecessor-version":[{"id":166243,"href":"https:\/\/www.cronicasdeitarantim.com.br\/v1\/wp-json\/wp\/v2\/posts\/166241\/revisions\/166243"}],"wp:featuredmedia":[{"embeddable":true,"href":"https:\/\/www.cronicasdeitarantim.com.br\/v1\/wp-json\/wp\/v2\/media\/166242"}],"wp:attachment":[{"href":"https:\/\/www.cronicasdeitarantim.com.br\/v1\/wp-json\/wp\/v2\/media?parent=166241"}],"wp:term":[{"taxonomy":"category","embeddable":true,"href":"https:\/\/www.cronicasdeitarantim.com.br\/v1\/wp-json\/wp\/v2\/categories?post=166241"},{"taxonomy":"post_tag","embeddable":true,"href":"https:\/\/www.cronicasdeitarantim.com.br\/v1\/wp-json\/wp\/v2\/tags?post=166241"}],"curies":[{"name":"wp","href":"https:\/\/api.w.org\/{rel}","templated":true}]}}