{"id":166238,"date":"2024-08-29T17:19:06","date_gmt":"2024-08-29T20:19:06","guid":{"rendered":"https:\/\/www.cronicasdeitarantim.com.br\/v1\/?p=166238"},"modified":"2024-08-29T17:19:15","modified_gmt":"2024-08-29T20:19:15","slug":"eleicao-2024-quase-15-dias-apos-inicio-da-campanha-34-mil-candidaturas-ficaram-pelo-caminho","status":"publish","type":"post","link":"https:\/\/www.cronicasdeitarantim.com.br\/v1\/2024\/08\/29\/eleicao-2024-quase-15-dias-apos-inicio-da-campanha-34-mil-candidaturas-ficaram-pelo-caminho\/","title":{"rendered":"Elei\u00e7\u00e3o 2024: Quase 15 dias ap\u00f3s in\u00edcio da campanha, 3,4 mil candidaturas ficaram pelo caminho"},"content":{"rendered":"<div class=\"conteudo_post\">\n<h4>A corrida eleitoral j\u00e1 se encerrou para uma parte dos candidatos que queriam se eleger este ano. Seja por motivos pr\u00f3prios, de processos ou partid\u00e1rios, 3.413 candidaturas ficaram pelo caminho passados apenas 13 dias do in\u00edcio das campanhas eleitorais. A informa\u00e7\u00e3o \u00e9 da coluna de Lauro Jardim, do jornal O Globo.<\/h4>\n<h4>De acordo com a publica\u00e7\u00e3o, este ano, o Tribunal Superior Eleitoral (TSE) recebeu 459.422 cadastros de candidatos a prefeito, vice e vereador. Delas, 89, 2 mil j\u00e1 foram julgadas e 359, 3 mil aguardam an\u00e1lise da Corte.<\/h4>\n<div class=\"trv-player-container\">\n<div class=\"trv-wrapper\">\n<div id=\"br_video_player_c8e9edba36eee92b670efc8006624a9dc3c659f9\" class=\"trvd_video_player\">\n<div class=\"loader-bg-transparent\">\n<h4 class=\"loader-transparent\">O n\u00famero de inscritos para participar do pleito neste ano j\u00e1 \u00e9 inferior ao de 2020, quando 557.678 tentaram concorrer. Em 2020, 31.193 candidaturas foram consideradas inaptas.<\/h4>\n<\/div>\n<\/div>\n<\/div>\n<\/div>\n<h4>Este ano, em 12 dias, 2.412 candidatos j\u00e1 renunciaram \u00e0s disputas, outros 15 morreram e 986 tiveram algum problema (seja por processo indeferido, cancelado ou porque o pedido de registro n\u00e3o foi reconhecido).<\/h4>\n<\/div>\n<div id=\"div-share\"><\/div>\n","protected":false},"excerpt":{"rendered":"<p>A corrida eleitoral j\u00e1 se encerrou para uma parte dos candidatos que queriam se eleger este ano. Seja por motivos pr\u00f3prios, de processos ou partid\u00e1rios, 3.413 candidaturas ficaram pelo caminho passados apenas 13 dias do in\u00edcio das campanhas eleitorais. A informa\u00e7\u00e3o \u00e9 da coluna de Lauro Jardim, do jornal O Globo. De acordo com a publica\u00e7\u00e3o, este ano, o Tribunal Superior Eleitoral (TSE) recebeu 459.422 cadastros de candidatos a prefeito, vice e vereador. Delas, 89, 2 mil j\u00e1 foram julgadas e 359, 3 mil aguardam an\u00e1lise da Corte. O n\u00famero de inscritos para participar do pleito neste ano j\u00e1 \u00e9 [&hellip;]<\/p>\n","protected":false},"author":4,"featured_media":166047,"comment_status":"open","ping_status":"open","sticky":false,"template":"","format":"standard","meta":[],"categories":[296],"tags":[433,1780,1772,389],"_links":{"self":[{"href":"https:\/\/www.cronicasdeitarantim.com.br\/v1\/wp-json\/wp\/v2\/posts\/166238"}],"collection":[{"href":"https:\/\/www.cronicasdeitarantim.com.br\/v1\/wp-json\/wp\/v2\/posts"}],"about":[{"href":"https:\/\/www.cronicasdeitarantim.com.br\/v1\/wp-json\/wp\/v2\/types\/post"}],"author":[{"embeddable":true,"href":"https:\/\/www.cronicasdeitarantim.com.br\/v1\/wp-json\/wp\/v2\/users\/4"}],"replies":[{"embeddable":true,"href":"https:\/\/www.cronicasdeitarantim.com.br\/v1\/wp-json\/wp\/v2\/comments?post=166238"}],"version-history":[{"count":2,"href":"https:\/\/www.cronicasdeitarantim.com.br\/v1\/wp-json\/wp\/v2\/posts\/166238\/revisions"}],"predecessor-version":[{"id":166240,"href":"https:\/\/www.cronicasdeitarantim.com.br\/v1\/wp-json\/wp\/v2\/posts\/166238\/revisions\/166240"}],"wp:featuredmedia":[{"embeddable":true,"href":"https:\/\/www.cronicasdeitarantim.com.br\/v1\/wp-json\/wp\/v2\/media\/166047"}],"wp:attachment":[{"href":"https:\/\/www.cronicasdeitarantim.com.br\/v1\/wp-json\/wp\/v2\/media?parent=166238"}],"wp:term":[{"taxonomy":"category","embeddable":true,"href":"https:\/\/www.cronicasdeitarantim.com.br\/v1\/wp-json\/wp\/v2\/categories?post=166238"},{"taxonomy":"post_tag","embeddable":true,"href":"https:\/\/www.cronicasdeitarantim.com.br\/v1\/wp-json\/wp\/v2\/tags?post=166238"}],"curies":[{"name":"wp","href":"https:\/\/api.w.org\/{rel}","templated":true}]}}