{"id":166214,"date":"2024-08-28T20:50:24","date_gmt":"2024-08-28T23:50:24","guid":{"rendered":"https:\/\/www.cronicasdeitarantim.com.br\/v1\/?p=166214"},"modified":"2024-08-28T20:50:24","modified_gmt":"2024-08-28T23:50:24","slug":"bahia-um-policial-morre-e-outro-fica-ferido-em-troca-de-tiros-na-capital","status":"publish","type":"post","link":"https:\/\/www.cronicasdeitarantim.com.br\/v1\/2024\/08\/28\/bahia-um-policial-morre-e-outro-fica-ferido-em-troca-de-tiros-na-capital\/","title":{"rendered":"Bahia: Um policial morre e outro fica ferido em troca de tiros na capital"},"content":{"rendered":"<h4>Uma troca de tiros, nesta quarta-feira (28), em Malhada, na Praia do Forte, na Regi\u00e3o Metropolitana de Salvador (RMS), vitimou um policial militar, como informou o Bahia.ba. Ainda de acordo com informa\u00e7\u00f5es do site, outro ficou ferido e passou por cirurgia. Segundo a Pol\u00edcia Militar, a dupla do Batalh\u00e3o de Patrulhamento T\u00e1tico M\u00f3vel (BPatamo) realizava um patrulhamento quando se deparou com um grupo armado.<\/h4>\n<h4>Os dois militares foram socorridos para o Hospital Geral Menandro de Faria, em Lauro de Freitas. O PM ferido passou por uma cirurgia de emerg\u00eancia e o outro n\u00e3o resistiu aos ferimentos.<\/h4>\n<h4>Dois suspeitos de envolvimento do tiroteio tamb\u00e9m foram baleados e morreram. Com os indiv\u00edduos, foram apreendidos uma pistola e um rev\u00f3lver. Em nota, a corpora\u00e7\u00e3o informou que est\u00e1 na busca dos demais envolvidos e oferecendo suporte \u00e0s fam\u00edlias dos policiais.<\/h4>\n","protected":false},"excerpt":{"rendered":"<p>Uma troca de tiros, nesta quarta-feira (28), em Malhada, na Praia do Forte, na Regi\u00e3o Metropolitana de Salvador (RMS), vitimou um policial militar, como informou o Bahia.ba. Ainda de acordo com informa\u00e7\u00f5es do site, outro ficou ferido e passou por cirurgia. Segundo a Pol\u00edcia Militar, a dupla do Batalh\u00e3o de Patrulhamento T\u00e1tico M\u00f3vel (BPatamo) realizava um patrulhamento quando se deparou com um grupo armado. Os dois militares foram socorridos para o Hospital Geral Menandro de Faria, em Lauro de Freitas. O PM ferido passou por uma cirurgia de emerg\u00eancia e o outro n\u00e3o resistiu aos ferimentos. Dois suspeitos de envolvimento [&hellip;]<\/p>\n","protected":false},"author":4,"featured_media":166215,"comment_status":"open","ping_status":"open","sticky":false,"template":"","format":"standard","meta":[],"categories":[295],"tags":[76,1780,434,634,2437,444],"_links":{"self":[{"href":"https:\/\/www.cronicasdeitarantim.com.br\/v1\/wp-json\/wp\/v2\/posts\/166214"}],"collection":[{"href":"https:\/\/www.cronicasdeitarantim.com.br\/v1\/wp-json\/wp\/v2\/posts"}],"about":[{"href":"https:\/\/www.cronicasdeitarantim.com.br\/v1\/wp-json\/wp\/v2\/types\/post"}],"author":[{"embeddable":true,"href":"https:\/\/www.cronicasdeitarantim.com.br\/v1\/wp-json\/wp\/v2\/users\/4"}],"replies":[{"embeddable":true,"href":"https:\/\/www.cronicasdeitarantim.com.br\/v1\/wp-json\/wp\/v2\/comments?post=166214"}],"version-history":[{"count":1,"href":"https:\/\/www.cronicasdeitarantim.com.br\/v1\/wp-json\/wp\/v2\/posts\/166214\/revisions"}],"predecessor-version":[{"id":166216,"href":"https:\/\/www.cronicasdeitarantim.com.br\/v1\/wp-json\/wp\/v2\/posts\/166214\/revisions\/166216"}],"wp:featuredmedia":[{"embeddable":true,"href":"https:\/\/www.cronicasdeitarantim.com.br\/v1\/wp-json\/wp\/v2\/media\/166215"}],"wp:attachment":[{"href":"https:\/\/www.cronicasdeitarantim.com.br\/v1\/wp-json\/wp\/v2\/media?parent=166214"}],"wp:term":[{"taxonomy":"category","embeddable":true,"href":"https:\/\/www.cronicasdeitarantim.com.br\/v1\/wp-json\/wp\/v2\/categories?post=166214"},{"taxonomy":"post_tag","embeddable":true,"href":"https:\/\/www.cronicasdeitarantim.com.br\/v1\/wp-json\/wp\/v2\/tags?post=166214"}],"curies":[{"name":"wp","href":"https:\/\/api.w.org\/{rel}","templated":true}]}}