{"id":166134,"date":"2024-08-26T16:26:57","date_gmt":"2024-08-26T19:26:57","guid":{"rendered":"https:\/\/www.cronicasdeitarantim.com.br\/v1\/?p=166134"},"modified":"2024-08-26T16:26:57","modified_gmt":"2024-08-26T19:26:57","slug":"suspeita-de-esfaquear-e-matar-bebe-na-bahia-tem-prisao-convertida-para-preventiva","status":"publish","type":"post","link":"https:\/\/www.cronicasdeitarantim.com.br\/v1\/2024\/08\/26\/suspeita-de-esfaquear-e-matar-bebe-na-bahia-tem-prisao-convertida-para-preventiva\/","title":{"rendered":"Suspeita de esfaquear e matar beb\u00ea na Bahia tem pris\u00e3o convertida para preventiva"},"content":{"rendered":"<div id=\"chunk-e8ceh\">\n<div class=\"mc-column content-text active-extra-styles \" data-block-type=\"unstyled\" data-block-weight=\"37\" data-block-id=\"2\">\n<p class=\" content-text__container \" data-track-category=\"Link no Texto\" data-track-links=\"\" data-mrf-recirculation=\"Article links\">A mulher suspeita de\u00a0esfaquear e matar a beb\u00ea\u00a0\u00c1gatha Sophia Santana, de sete meses, em\u00a0Salvador, teve a pris\u00e3o em flagrante convertida para preventiva nesta segunda-feira (26). O crime ocorreu no Centro Hist\u00f3rico da capital baiana.<\/p>\n<\/div>\n<\/div>\n<div class=\"wall protected-content\">\n<div id=\"chunk-cqdqg\">\n<div class=\"mc-column content-text active-extra-styles \" data-block-type=\"unstyled\" data-block-weight=\"43\" data-block-id=\"4\">\n<p class=\" content-text__container \" data-track-category=\"Link no Texto\" data-track-links=\"\" data-mrf-recirculation=\"Article links\">Em audi\u00eancia de cust\u00f3dia, a suspeita, identificada como\u00a0Rosimeire Santos de Jesus,\u00a0de 43 anos,<strong>\u00a0<\/strong>confessou ter esfaqueado a beb\u00ea. A mulher disse que n\u00e3o tinha inten\u00e7\u00e3o de atingir a crian\u00e7a, mas sim, a m\u00e3e dela. O motivo do crime n\u00e3o foi detalhado.<\/p>\n<\/div>\n<\/div>\n<div id=\"chunk-668pl\">\n<div class=\"mc-column content-text active-extra-styles \" data-block-type=\"unstyled\" data-block-weight=\"13\" data-block-id=\"5\">\n<p class=\" content-text__container \" data-track-category=\"Link no Texto\" data-track-links=\"\" data-mrf-recirculation=\"Article links\">A m\u00e3e da beb\u00ea, identificada como Jamile, pediu justi\u00e7a pelo assassinato da filha.<\/p>\n<div id=\"chunk-8um1u\">\n<div class=\"mc-column content-text active-extra-styles \" data-block-type=\"unstyled\" data-block-weight=\"47\" data-block-id=\"9\">\n<p class=\" content-text__container \" data-track-category=\"Link no Texto\" data-track-links=\"\" data-mrf-recirculation=\"Article links\">Conforme Jeferson Santana, tio da beb\u00ea, a m\u00e3e de \u00c1gatha, Jamile, n\u00e3o conhecia Rosimeire. Ainda segundo ele, a suspeita chegou no local por tr\u00e1s de Jamile e disse: &#8220;foi voc\u00ea que matou minha m\u00e3e&#8221;. Em seguida, Rosimeire tentou atacar Jamile, mas a faca acabou atingindo a crian\u00e7a.<\/p>\n<\/div>\n<\/div>\n<div id=\"chunk-70p1\">\n<div class=\"mc-column content-text active-extra-styles \" data-block-type=\"unstyled\" data-block-weight=\"18\" data-block-id=\"10\">\n<p class=\" content-text__container \" data-track-category=\"Link no Texto\" data-track-links=\"\" data-mrf-recirculation=\"Article links\">&#8220;A gente tentou reagir a crian\u00e7a e nada, mais de 40 m\u00e9dicos para tentar, mas n\u00e3o conseguiram&#8221;, disse.<\/p>\n<\/div>\n<\/div>\n<div id=\"chunk-cv7sn\">\n<div class=\"mc-column content-text active-extra-styles \" data-block-type=\"unstyled\" data-block-weight=\"35\" data-block-id=\"11\">\n<p class=\" content-text__container \" data-track-category=\"Link no Texto\" data-track-links=\"\" data-mrf-recirculation=\"Article links\">Ainda conforme Jeferson, ele era muito apegado \u00e0 sobrinha e ficou em choque quando soube do crime. &#8220;Eu gostava muito da minha sobrinha, quando fiquei sabendo da situa\u00e7\u00e3o, fiquei muito abalado, entrei em choque&#8221;, contou.<\/p>\n<\/div>\n<\/div>\n<div id=\"chunk-1nsup\">\n<div class=\"content-ads content-ads--reveal\" data-block-type=\"ads\" data-block-id=\"12\">\n<div id=\"banner_materia__58d51759-a375-407e-8c64-32ee82336d8f\" class=\"tag-manager-publicidade-container mc-has-reveal mc-has-ad-lazyload tag-manager-publicidade-banner_materia__58d51759-a375-407e-8c64-32ee82336d8f tag-manager-publicidade-container--carregado tag-manager-publicidade-container--visivel\" data-id=\"banner_materia__58d51759-a375-407e-8c64-32ee82336d8f\" data-google-query-id=\"CPC8_-awk4gDFRGDYQYdNP8lBw\">\n<div id=\"chunk-f8td8\">\n<div class=\"mc-column content-text active-extra-styles \" data-block-type=\"unstyled\" data-block-weight=\"19\" data-block-id=\"13\">\n<p class=\" content-text__container \" data-track-category=\"Link no Texto\" data-track-links=\"\" data-mrf-recirculation=\"Article links\">Uma amiga da fam\u00edlia da beb\u00ea, identificada pelo prenome de Natasha, relatou mais detalhes sobre o dia do crime.<\/p>\n<\/div>\n<\/div>\n<div id=\"chunk-477hv\">\n<div class=\"bs-video-block mc-column   content-media content-video\" data-block-type=\"backstage-video\" data-block-id=\"14\">\n<div class=\"content-media__container\">\n<div class=\"content-video__bigger-player-description-fixer\">\n<article class=\"content-video\" data-ts-view=\"1724700194252\">\n<section class=\"content-video__video-container\">\n<div class=\"content-video__video\">\n<div id=\"wp3-player-2\" class=\"clappr-player\" tabindex=\"9999\" data-player=\"\">\n<div class=\"dfp-ad-overlay dfp-ad-overlay--poster-mode\">\n<div>\n<div id=\"chunk-84uns\">\n<div class=\"mc-column content-text active-extra-styles \" data-block-type=\"unstyled\" data-block-weight=\"38\" data-block-id=\"20\">\n<p class=\" content-text__container \" data-track-category=\"Link no Texto\" data-track-links=\"\" data-mrf-recirculation=\"Article links\">O caso ocorreu na noite de s\u00e1bado (24), no Terreiro de Jesus, no Centro Hist\u00f3rico de Salvador. A Pol\u00edcia Militar (PM) informou, em nota, que a menina foi atingida por um golpe de faca durante uma briga.<\/p>\n<\/div>\n<\/div>\n<div id=\"chunk-9b204\">\n<div class=\"mc-column content-text active-extra-styles \" data-block-type=\"unstyled\" data-block-weight=\"28\" data-block-id=\"21\">\n<p class=\" content-text__container \" data-track-category=\"Link no Texto\" data-track-links=\"\" data-mrf-recirculation=\"Article links\">Segundo testemunhas, a confus\u00e3o foi entre uma mulher e a m\u00e3e dela, que seria o alvo do ataque e carregava a filha no colo no momento do crime.<\/p>\n<\/div>\n<\/div>\n<div id=\"chunk-91l7b\">\n<div class=\"mc-column content-text active-extra-styles \" data-block-type=\"unstyled\" data-block-weight=\"39\" data-block-id=\"22\">\n<p class=\" content-text__container \" data-track-category=\"Link no Texto\" data-track-links=\"\" data-mrf-recirculation=\"Article links\">Populares acionaram o 18\u00ba Batalh\u00e3o e quando chegaram ao local, as equipes encontraram \u00c1gatha Sophia ferida. Ela chegou a ser levada pelos agentes para a Unidade de Pronto Atendimento (UPA) do bairro dos Barris, contudo, n\u00e3o resistiu aos ferimentos.<\/p>\n<\/div>\n<\/div>\n<div id=\"chunk-1nmni\">\n<div class=\"row medium-uncollapsed content-media content-photo\" data-block-type=\"backstage-photo\" data-block-id=\"23\">\n<div class=\" mc-column  content-media__container\">\n<div class=\"content-media-container glb-skeleton-box\">\n<div id=\"chunk-ann9n\">\n<div class=\"mc-column content-text active-extra-styles \" data-block-type=\"unstyled\" data-block-weight=\"54\" data-block-id=\"25\">\n<p class=\" content-text__container \" data-track-category=\"Link no Texto\" data-track-links=\"\" data-mrf-recirculation=\"Article links\">A mulher apontada pelas testemunhas como a autora da a\u00e7\u00e3o criminosa foi conduzida para a Delegacia Especializada de Repress\u00e3o aos Crimes Contra a Crian\u00e7a e o Adolescente (Dercca), e depois foi encaminhada ao Departamento de Homic\u00eddios e de Prote\u00e7\u00e3o \u00e0 Pessoa (DHPP), onde foi autuada em flagrante, de acordo com a Pol\u00edcia Civil (PC).<\/p>\n<\/div>\n<\/div>\n<div id=\"chunk-ecidj\">\n<div class=\"mc-column content-text active-extra-styles \" data-block-type=\"unstyled\" data-block-weight=\"36\" data-block-id=\"26\">\n<p class=\" content-text__container \" data-track-category=\"Link no Texto\" data-track-links=\"\" data-mrf-recirculation=\"Article links\">Em nota, a institui\u00e7\u00e3o n\u00e3o detalhou o nome da suspeita, nem o que provocou a briga entre ela e a m\u00e3e da v\u00edtima. A mulher presa passou por exames e segue presa, \u00e0 disposi\u00e7\u00e3o da Justi\u00e7a.<\/p>\n<\/div>\n<\/div>\n<div id=\"chunk-2hnnt\">\n<div class=\"mc-column content-text active-extra-styles \" data-block-type=\"unstyled\" data-block-weight=\"35\" data-block-id=\"27\">\n<p class=\" content-text__container \" data-track-category=\"Link no Texto\" data-track-links=\"\" data-mrf-recirculation=\"Article links\">N\u00e3o h\u00e1 detalhes se a m\u00e3e de \u00c1gatha sofreu ferimentos. Ainda conforme a PC, as guias para per\u00edcia e remo\u00e7\u00e3o foram expedidas. O corpo da menina foi levado para necropsia no Instituto M\u00e9dico Legal. (Com informa\u00e7\u00f5es do g1).<\/p>\n<\/div>\n<\/div>\n<div id=\"chunk-a3co6\">\n<div class=\"row medium-uncollapsed content-media content-photo\" data-block-type=\"backstage-photo\" data-block-id=\"28\">\n<div class=\" mc-column  content-media__container\">\n<div class=\"content-media-container glb-skeleton-box\"><\/div>\n<\/div>\n<\/div>\n<\/div>\n<\/div>\n<\/div>\n<\/div>\n<\/div>\n<\/div>\n<\/div>\n<div class=\"media-control media-control-hide h720 w960\">\n<div class=\"media-control-panel\">\n<div class=\"media-control-panel__front-layer\">\n<div class=\"media-control-position__center\"><\/div>\n<div class=\"media-control-position__right\"><\/div>\n<\/div>\n<div class=\"media-control-panel__modal\"><\/div>\n<\/div>\n<\/div>\n<\/div>\n<\/div>\n<\/section>\n<\/article>\n<\/div>\n<\/div>\n<\/div>\n<\/div>\n<\/div>\n<\/div>\n<\/div>\n<\/div>\n<\/div>\n<div id=\"chunk-fkl4g\">\n<div class=\"mc-column content-text active-extra-styles\" data-block-type=\"raw\" data-block-weight=\"31\" data-block-id=\"6\">\n<p class=\"content-text__container\" data-mrf-recirculation=\"Article links\">\n<\/div>\n<\/div>\n<\/div>\n","protected":false},"excerpt":{"rendered":"<p>A mulher suspeita de\u00a0esfaquear e matar a beb\u00ea\u00a0\u00c1gatha Sophia Santana, de sete meses, em\u00a0Salvador, teve a pris\u00e3o em flagrante convertida para preventiva nesta segunda-feira (26). O crime ocorreu no Centro Hist\u00f3rico da capital baiana. Em audi\u00eancia de cust\u00f3dia, a suspeita, identificada como\u00a0Rosimeire Santos de Jesus,\u00a0de 43 anos,\u00a0confessou ter esfaqueado a beb\u00ea. A mulher disse que n\u00e3o tinha inten\u00e7\u00e3o de atingir a crian\u00e7a, mas sim, a m\u00e3e dela. O motivo do crime n\u00e3o foi detalhado. A m\u00e3e da beb\u00ea, identificada como Jamile, pediu justi\u00e7a pelo assassinato da filha. Conforme Jeferson Santana, tio da beb\u00ea, a m\u00e3e de \u00c1gatha, Jamile, n\u00e3o conhecia [&hellip;]<\/p>\n","protected":false},"author":4,"featured_media":166135,"comment_status":"open","ping_status":"open","sticky":false,"template":"","format":"standard","meta":[],"categories":[306],"tags":[76,3017,971,1780,434,634,444],"_links":{"self":[{"href":"https:\/\/www.cronicasdeitarantim.com.br\/v1\/wp-json\/wp\/v2\/posts\/166134"}],"collection":[{"href":"https:\/\/www.cronicasdeitarantim.com.br\/v1\/wp-json\/wp\/v2\/posts"}],"about":[{"href":"https:\/\/www.cronicasdeitarantim.com.br\/v1\/wp-json\/wp\/v2\/types\/post"}],"author":[{"embeddable":true,"href":"https:\/\/www.cronicasdeitarantim.com.br\/v1\/wp-json\/wp\/v2\/users\/4"}],"replies":[{"embeddable":true,"href":"https:\/\/www.cronicasdeitarantim.com.br\/v1\/wp-json\/wp\/v2\/comments?post=166134"}],"version-history":[{"count":1,"href":"https:\/\/www.cronicasdeitarantim.com.br\/v1\/wp-json\/wp\/v2\/posts\/166134\/revisions"}],"predecessor-version":[{"id":166136,"href":"https:\/\/www.cronicasdeitarantim.com.br\/v1\/wp-json\/wp\/v2\/posts\/166134\/revisions\/166136"}],"wp:featuredmedia":[{"embeddable":true,"href":"https:\/\/www.cronicasdeitarantim.com.br\/v1\/wp-json\/wp\/v2\/media\/166135"}],"wp:attachment":[{"href":"https:\/\/www.cronicasdeitarantim.com.br\/v1\/wp-json\/wp\/v2\/media?parent=166134"}],"wp:term":[{"taxonomy":"category","embeddable":true,"href":"https:\/\/www.cronicasdeitarantim.com.br\/v1\/wp-json\/wp\/v2\/categories?post=166134"},{"taxonomy":"post_tag","embeddable":true,"href":"https:\/\/www.cronicasdeitarantim.com.br\/v1\/wp-json\/wp\/v2\/tags?post=166134"}],"curies":[{"name":"wp","href":"https:\/\/api.w.org\/{rel}","templated":true}]}}