{"id":166097,"date":"2024-08-23T16:04:12","date_gmt":"2024-08-23T19:04:12","guid":{"rendered":"https:\/\/www.cronicasdeitarantim.com.br\/v1\/?p=166097"},"modified":"2024-08-23T16:11:23","modified_gmt":"2024-08-23T19:11:23","slug":"descaso-em-potiragua-video-mostra-carro-escolar-superlotado-com-criancas-da-zona-rural-colocando-em-risco-suas-vidas","status":"publish","type":"post","link":"https:\/\/www.cronicasdeitarantim.com.br\/v1\/2024\/08\/23\/descaso-em-potiragua-video-mostra-carro-escolar-superlotado-com-criancas-da-zona-rural-colocando-em-risco-suas-vidas\/","title":{"rendered":"Descaso em Potiragu\u00e1: V\u00eddeo mostra carro escolar superlotado com crian\u00e7as da zona rural colocando em risco suas vidas"},"content":{"rendered":"<p>Uma situa\u00e7\u00e3o absurda foi flagrada na cidade de Potiragu\u00e1 por moradores da zona rural que filmaram e enviaram para a reda\u00e7\u00e3o do nosso site, onde um Fiat Uno, designado para o transporte escolar, est\u00e1 sendo utilizado para levar, segundo moradores, dez pessoas diariamente. A superlota\u00e7\u00e3o do ve\u00edculo tem causado indigna\u00e7\u00e3o e preocupa\u00e7\u00e3o entre os pais, que temem pela seguran\u00e7a de seus filhos.<\/p>\n<p>Segundo relatos, as crian\u00e7as s\u00e3o obrigadas a viajar sem cinto de seguran\u00e7a, apertadas dentro do pequeno carro. O Uno, que claramente n\u00e3o tem capacidade para esse n\u00famero de passageiros, est\u00e1 transformando o trajeto escolar em um verdadeiro perigo ambulante.<\/p>\n<blockquote>\n<h5>\u00c9 inacredit\u00e1vel que estejam permitindo que nossas crian\u00e7as sejam transportadas dessa maneira. Elas est\u00e3o amontoadas, sem nenhuma seguran\u00e7a. Estamos falando da vida dos nossos filhos\u201d, protesta uma m\u00e3e, visivelmente revoltada, que preferiu n\u00e3o se identificar.<\/h5>\n<\/blockquote>\n<p>O transporte escolar deveria ser sin\u00f4nimo de seguran\u00e7a e prote\u00e7\u00e3o para as crian\u00e7as, mas o que se v\u00ea em Potiragu\u00e1 \u00e9 um descaso total. Os mesmos moradores desta localidade se perguntam; At\u00e9 quando essa neglig\u00eancia vai continuar? As autoridades precisam agir antes que uma trag\u00e9dia aconte\u00e7a. A comunidade exige uma solu\u00e7\u00e3o imediata para garantir que as crian\u00e7as sejam transportadas de forma segura e digna.<\/p>\n<p>Potiragu\u00e1 n\u00e3o pode esperar por um desastre para que algo seja feito, nos afirmou uma das m\u00e3es dos alunos. As vidas de nossas crian\u00e7as s\u00e3o preciosas demais para serem tratadas com tamanho descaso, falou uma pessoa para nossa reportagem.<\/p>\n<p>Isso seria caso de fiscaliza\u00e7\u00e3o dos vereadores da cidade e de suas compet\u00eancias parlamentares de atuar no munic\u00edpio para o bem-estar dos alunos que num carro pequeno sem nenhuma condi\u00e7\u00e3o vai e vem para poder estudar sem nenhuma prote\u00e7\u00e3o. Al\u00f4 vereadores de Potiragu\u00e1, vamos agir!<\/p>\n<p><iframe loading=\"lazy\" title=\"Descaso em Potiragu\u00e1. Moradores da zona rural flagram carro que pega alunos com lota\u00e7\u00e3o m\u00e1xima.\" width=\"1200\" height=\"675\" src=\"https:\/\/www.youtube.com\/embed\/KBo9Gk2jMlQ?feature=oembed\" frameborder=\"0\" allow=\"accelerometer; autoplay; clipboard-write; encrypted-media; gyroscope; picture-in-picture; web-share\" referrerpolicy=\"strict-origin-when-cross-origin\" allowfullscreen><\/iframe><\/p>\n<p><iframe loading=\"lazy\" title=\"Descaso em Potiragu\u00e1. Carro que pega alunos \u00e9 flagrado super lotado com com crian\u00e7as..\" width=\"1200\" height=\"675\" src=\"https:\/\/www.youtube.com\/embed\/DYrKGfMz5T4?feature=oembed\" frameborder=\"0\" allow=\"accelerometer; autoplay; clipboard-write; encrypted-media; gyroscope; picture-in-picture; web-share\" referrerpolicy=\"strict-origin-when-cross-origin\" allowfullscreen><\/iframe><\/p>\n","protected":false},"excerpt":{"rendered":"<p>Uma situa\u00e7\u00e3o absurda foi flagrada na cidade de Potiragu\u00e1 por moradores da zona rural que filmaram e enviaram para a reda\u00e7\u00e3o do nosso site, onde um Fiat Uno, designado para o transporte escolar, est\u00e1 sendo utilizado para levar, segundo moradores, dez pessoas diariamente. A superlota\u00e7\u00e3o do ve\u00edculo tem causado indigna\u00e7\u00e3o e preocupa\u00e7\u00e3o entre os pais, que temem pela seguran\u00e7a de seus filhos. Segundo relatos, as crian\u00e7as s\u00e3o obrigadas a viajar sem cinto de seguran\u00e7a, apertadas dentro do pequeno carro. O Uno, que claramente n\u00e3o tem capacidade para esse n\u00famero de passageiros, est\u00e1 transformando o trajeto escolar em um verdadeiro perigo [&hellip;]<\/p>\n","protected":false},"author":4,"featured_media":166098,"comment_status":"open","ping_status":"open","sticky":false,"template":"","format":"standard","meta":[],"categories":[1448],"tags":[3011,1780,1412,130,3010,1760,437],"_links":{"self":[{"href":"https:\/\/www.cronicasdeitarantim.com.br\/v1\/wp-json\/wp\/v2\/posts\/166097"}],"collection":[{"href":"https:\/\/www.cronicasdeitarantim.com.br\/v1\/wp-json\/wp\/v2\/posts"}],"about":[{"href":"https:\/\/www.cronicasdeitarantim.com.br\/v1\/wp-json\/wp\/v2\/types\/post"}],"author":[{"embeddable":true,"href":"https:\/\/www.cronicasdeitarantim.com.br\/v1\/wp-json\/wp\/v2\/users\/4"}],"replies":[{"embeddable":true,"href":"https:\/\/www.cronicasdeitarantim.com.br\/v1\/wp-json\/wp\/v2\/comments?post=166097"}],"version-history":[{"count":3,"href":"https:\/\/www.cronicasdeitarantim.com.br\/v1\/wp-json\/wp\/v2\/posts\/166097\/revisions"}],"predecessor-version":[{"id":166101,"href":"https:\/\/www.cronicasdeitarantim.com.br\/v1\/wp-json\/wp\/v2\/posts\/166097\/revisions\/166101"}],"wp:featuredmedia":[{"embeddable":true,"href":"https:\/\/www.cronicasdeitarantim.com.br\/v1\/wp-json\/wp\/v2\/media\/166098"}],"wp:attachment":[{"href":"https:\/\/www.cronicasdeitarantim.com.br\/v1\/wp-json\/wp\/v2\/media?parent=166097"}],"wp:term":[{"taxonomy":"category","embeddable":true,"href":"https:\/\/www.cronicasdeitarantim.com.br\/v1\/wp-json\/wp\/v2\/categories?post=166097"},{"taxonomy":"post_tag","embeddable":true,"href":"https:\/\/www.cronicasdeitarantim.com.br\/v1\/wp-json\/wp\/v2\/tags?post=166097"}],"curies":[{"name":"wp","href":"https:\/\/api.w.org\/{rel}","templated":true}]}}