{"id":166015,"date":"2024-08-20T09:55:40","date_gmt":"2024-08-20T12:55:40","guid":{"rendered":"https:\/\/www.cronicasdeitarantim.com.br\/v1\/?p=166015"},"modified":"2024-08-20T10:04:14","modified_gmt":"2024-08-20T13:04:14","slug":"eleicao-2024-itarantim-tem-78-candidatos-a-vereador-que-irao-concorrer-a-eleicao-deste-ano","status":"publish","type":"post","link":"https:\/\/www.cronicasdeitarantim.com.br\/v1\/2024\/08\/20\/eleicao-2024-itarantim-tem-78-candidatos-a-vereador-que-irao-concorrer-a-eleicao-deste-ano\/","title":{"rendered":"Elei\u00e7\u00e3o 2024: Itarantim tem 78 candidatos a vereador que ir\u00e3o concorrer a elei\u00e7\u00e3o deste ano"},"content":{"rendered":"<div id=\"chunk-zpsve\">\n<div class=\"mc-column content-text active-extra-styles \" data-block-type=\"unstyled\" data-block-weight=\"24\" data-block-id=\"2\">\n<h4 class=\" content-text__container \" data-track-category=\"Link no Texto\" data-mrf-recirculation=\"Article links\">Itarantim tem 3 candidatos a prefeito e 78\u00a0 candidatos a vereador registrados para disputar a elei\u00e7\u00e3o de 2024, segundo o que consta nos dados do Tribunal Superior Eleitoral (TSE). Esta mat\u00e9ria poder\u00e1 ser atualizada pois, at\u00e9 o dia da vota\u00e7\u00e3o, 6 de outubro, pode haver altera\u00e7\u00f5es nas listas de candidatos divulgadas pelo TSE.<\/h4>\n<\/div>\n<\/div>\n<div class=\"wall protected-content\">\n<div class=\"mc-column content-text active-extra-styles \" data-block-type=\"unstyled\" data-block-weight=\"30\" data-block-id=\"4\">\n<h4 class=\" content-text__container \" data-track-category=\"Link no Texto\" data-mrf-recirculation=\"Article links\">As listas de todos os candidatos est\u00e3o dispon\u00edveis abaixo, com os nomes e os n\u00fameros de urna, os partidos e as situa\u00e7\u00f5es de cada um (concorrendo ou inapto para concorrer).<\/h4>\n<\/div>\n<div id=\"chunk-78qhx\">\n<div class=\"mc-column content-text active-extra-styles \" data-block-type=\"unstyled\" data-block-weight=\"16\" data-block-id=\"6\">\n<h4 class=\" content-text__container \" data-track-category=\"Link no Texto\" data-mrf-recirculation=\"Article links\">As ordens em que os candidatos aparecem nas listas abaixo s\u00e3o as mesmas utilizadas pelo TSE.<\/h4>\n<\/div>\n<h4 class=\"mc-column show-table__title\">Veja quem s\u00e3o os candidatos a vereador em Itarantim<\/h4>\n<div class=\"show-table__centralized\">\n<div class=\"show-table__container\">\n<table class=\"show-table__content show-table__content--highlight-top \">\n<tbody>\n<tr>\n<td>Nome do candidato<\/td>\n<td>Partido<\/td>\n<td>N\u00famero de urna<\/td>\n<td>Situa\u00e7\u00e3o<\/td>\n<\/tr>\n<tr>\n<td>ALDENICE<\/td>\n<td>PP<\/td>\n<td>11777<\/td>\n<td>Concorrendo<\/td>\n<\/tr>\n<tr>\n<td>ALEXANDRE MENDES<\/td>\n<td>PSD<\/td>\n<td>55111<\/td>\n<td>Concorrendo<\/td>\n<\/tr>\n<tr>\n<td>ALOISIO DA SAU\u0301DE<\/td>\n<td>AVANTE<\/td>\n<td>70111<\/td>\n<td>Concorrendo<\/td>\n<\/tr>\n<tr>\n<td>ALVIMAR MORAES<\/td>\n<td>PODE<\/td>\n<td>20333<\/td>\n<td>Concorrendo<\/td>\n<\/tr>\n<tr>\n<td>ANA DO PV<\/td>\n<td>PV<\/td>\n<td>43000<\/td>\n<td>Concorrendo<\/td>\n<\/tr>\n<tr>\n<td>ANGELA FERREIRA<\/td>\n<td>PODE<\/td>\n<td>20120<\/td>\n<td>Concorrendo<\/td>\n<\/tr>\n<tr>\n<td>BOCAIS<\/td>\n<td>PP<\/td>\n<td>11555<\/td>\n<td>Concorrendo<\/td>\n<\/tr>\n<tr>\n<td>BODO\u0301 DA A\u0301GUA VERMELHA<\/td>\n<td>MDB<\/td>\n<td>15000<\/td>\n<td>Concorrendo<\/td>\n<\/tr>\n<tr>\n<td>BRANCO PROFESSOR<\/td>\n<td>MDB<\/td>\n<td>15555<\/td>\n<td>Concorrendo<\/td>\n<\/tr>\n<tr>\n<td>CARLOS ALBERTO<\/td>\n<td>PP<\/td>\n<td>11333<\/td>\n<td>Concorrendo<\/td>\n<\/tr>\n<tr>\n<td>CELMA DA SAU\u0301DE<\/td>\n<td>PSD<\/td>\n<td>55666<\/td>\n<td>Concorrendo<\/td>\n<\/tr>\n<tr>\n<td>CISLEIA SALOMA\u0303O<\/td>\n<td>PSB<\/td>\n<td>40777<\/td>\n<td>Concorrendo<\/td>\n<\/tr>\n<tr>\n<td>CLEIDIANA BILA<\/td>\n<td>PODE<\/td>\n<td>20111<\/td>\n<td>Concorrendo<\/td>\n<\/tr>\n<tr>\n<td>CLEIDIEL<\/td>\n<td>PODE<\/td>\n<td>20777<\/td>\n<td>Concorrendo<\/td>\n<\/tr>\n<tr>\n<td>CLE\u0301RIO BARROS<\/td>\n<td>PT<\/td>\n<td>13000<\/td>\n<td>Concorrendo<\/td>\n<\/tr>\n<tr>\n<td>COELHA\u0303O<\/td>\n<td>PP<\/td>\n<td>11888<\/td>\n<td>Concorrendo<\/td>\n<\/tr>\n<tr>\n<td>DARQUINHA<\/td>\n<td>AVANTE<\/td>\n<td>70888<\/td>\n<td>Concorrendo<\/td>\n<\/tr>\n<tr>\n<td>DIU SERRADOR<\/td>\n<td>PSD<\/td>\n<td>55999<\/td>\n<td>Concorrendo<\/td>\n<\/tr>\n<tr>\n<td>DR JOAO<\/td>\n<td>PC do B<\/td>\n<td>65000<\/td>\n<td>Concorrendo<\/td>\n<\/tr>\n<tr>\n<td>DR JOA\u0303O FERREIRA<\/td>\n<td>PC do B<\/td>\n<td>65000<\/td>\n<td>Concorrendo<\/td>\n<\/tr>\n<tr>\n<td>DUDU DOS TUTAS<\/td>\n<td>PSD<\/td>\n<td>55000<\/td>\n<td>Concorrendo<\/td>\n<\/tr>\n<tr>\n<td>EDGAR PESSOA<\/td>\n<td>PSD<\/td>\n<td>55200<\/td>\n<td>Concorrendo<\/td>\n<\/tr>\n<tr>\n<td>EDIO VIANA<\/td>\n<td>AVANTE<\/td>\n<td>70789<\/td>\n<td>Concorrendo<\/td>\n<\/tr>\n<tr>\n<td>GARRANCHO<\/td>\n<td>PP<\/td>\n<td>11000<\/td>\n<td>Concorrendo<\/td>\n<\/tr>\n<tr>\n<td>GEAN CHAVES<\/td>\n<td>PT<\/td>\n<td>13999<\/td>\n<td>Concorrendo<\/td>\n<\/tr>\n<tr>\n<td>GILSON TO\u0301<\/td>\n<td>PP<\/td>\n<td>11234<\/td>\n<td>Concorrendo<\/td>\n<\/tr>\n<tr>\n<td>GIRLEIDE OLIVEIRA<\/td>\n<td>PSD<\/td>\n<td>55123<\/td>\n<td>Concorrendo<\/td>\n<\/tr>\n<tr>\n<td>IRINEIDE<\/td>\n<td>PP<\/td>\n<td>11999<\/td>\n<td>Concorrendo<\/td>\n<\/tr>\n<tr>\n<td>JADIEL MATOS<\/td>\n<td>PSB<\/td>\n<td>40111<\/td>\n<td>Concorrendo<\/td>\n<\/tr>\n<tr>\n<td>JAKSON DA SAU\u0301DE<\/td>\n<td>PP<\/td>\n<td>11444<\/td>\n<td>Concorrendo<\/td>\n<\/tr>\n<tr>\n<td>JEANE MONTEIRO<\/td>\n<td>MDB<\/td>\n<td>15333<\/td>\n<td>Concorrendo<\/td>\n<\/tr>\n<tr>\n<td>JEFERSON MOTO TA\u0301XI<\/td>\n<td>PSB<\/td>\n<td>40999<\/td>\n<td>Concorrendo<\/td>\n<\/tr>\n<tr>\n<td>JORGILENE<\/td>\n<td>PODE<\/td>\n<td>20555<\/td>\n<td>Concorrendo<\/td>\n<\/tr>\n<tr>\n<td>JUAREZ FERNANDES<\/td>\n<td>AVANTE<\/td>\n<td>70000<\/td>\n<td>Concorrendo<\/td>\n<\/tr>\n<tr>\n<td>LANDINHA COSTUREIRA<\/td>\n<td>PT<\/td>\n<td>13333<\/td>\n<td>Concorrendo<\/td>\n<\/tr>\n<tr>\n<td>LANDINHA COSTUREIRA<\/td>\n<td>PT<\/td>\n<td>13333<\/td>\n<td>Concorrendo<\/td>\n<\/tr>\n<tr>\n<td>LAURINDO<\/td>\n<td>PT<\/td>\n<td>13222<\/td>\n<td>Concorrendo<\/td>\n<\/tr>\n<tr>\n<td>LEO FERREIRA<\/td>\n<td>PODE<\/td>\n<td>20123<\/td>\n<td>Concorrendo<\/td>\n<\/tr>\n<tr>\n<td>LEONELA<\/td>\n<td>PSB<\/td>\n<td>40444<\/td>\n<td>Concorrendo<\/td>\n<\/tr>\n<tr>\n<td>LOURIVAL DO RETALHA\u0303O<\/td>\n<td>PSD<\/td>\n<td>55333<\/td>\n<td>Concorrendo<\/td>\n<\/tr>\n<tr>\n<td>LUI\u0301S SANTANA<\/td>\n<td>PSD<\/td>\n<td>55888<\/td>\n<td>Concorrendo<\/td>\n<\/tr>\n<tr>\n<td>MACARRA\u0303O<\/td>\n<td>PT<\/td>\n<td>13211<\/td>\n<td>Concorrendo<\/td>\n<\/tr>\n<tr>\n<td>MACARRA\u0303O<\/td>\n<td>PT<\/td>\n<td>13211<\/td>\n<td>Concorrendo<\/td>\n<\/tr>\n<tr>\n<td>MALU<\/td>\n<td>PODE<\/td>\n<td>20444<\/td>\n<td>Concorrendo<\/td>\n<\/tr>\n<tr>\n<td>MARCOS PEUIA<\/td>\n<td>AVANTE<\/td>\n<td>70222<\/td>\n<td>Concorrendo<\/td>\n<\/tr>\n<tr>\n<td>MARIANA RIBEIRO<\/td>\n<td>MDB<\/td>\n<td>15154<\/td>\n<td>Concorrendo<\/td>\n<\/tr>\n<tr>\n<td>MARQUINHOS DE BEBE<\/td>\n<td>PODE<\/td>\n<td>20222<\/td>\n<td>Concorrendo<\/td>\n<\/tr>\n<tr>\n<td>MISSIONA\u0301RIA PATRICIA<\/td>\n<td>AVANTE<\/td>\n<td>70787<\/td>\n<td>Concorrendo<\/td>\n<\/tr>\n<tr>\n<td>NADINHO DO MANDIM<\/td>\n<td>PT<\/td>\n<td>13555<\/td>\n<td>Concorrendo<\/td>\n<\/tr>\n<tr>\n<td>NADINHO DO MANDIM<\/td>\n<td>PT<\/td>\n<td>13555<\/td>\n<td>Concorrendo<\/td>\n<\/tr>\n<tr>\n<td>NANINHO<\/td>\n<td>PSB<\/td>\n<td>40888<\/td>\n<td>Concorrendo<\/td>\n<\/tr>\n<tr>\n<td>NEGOLA<\/td>\n<td>PT<\/td>\n<td>13123<\/td>\n<td>Concorrendo<\/td>\n<\/tr>\n<tr>\n<td>NEGOLA<\/td>\n<td>PT<\/td>\n<td>13123<\/td>\n<td>Concorrendo<\/td>\n<\/tr>\n<tr>\n<td>NETE<\/td>\n<td>PP<\/td>\n<td>11111<\/td>\n<td>Concorrendo<\/td>\n<\/tr>\n<tr>\n<td>NICE DA SAU\u0301DE<\/td>\n<td>PSD<\/td>\n<td>55777<\/td>\n<td>Concorrendo<\/td>\n<\/tr>\n<tr>\n<td>PASTORA ROSE<\/td>\n<td>AVANTE<\/td>\n<td>70333<\/td>\n<td>Concorrendo<\/td>\n<\/tr>\n<tr>\n<td>PAULO ALMEIDA<\/td>\n<td>AVANTE<\/td>\n<td>70555<\/td>\n<td>Concorrendo<\/td>\n<\/tr>\n<tr>\n<td>PEDRO PAULO PP<\/td>\n<td>PSD<\/td>\n<td>55444<\/td>\n<td>Concorrendo<\/td>\n<\/tr>\n<tr>\n<td>PEU<\/td>\n<td>PP<\/td>\n<td>11223<\/td>\n<td>Concorrendo<\/td>\n<\/tr>\n<tr>\n<td>PIRI<\/td>\n<td>PT<\/td>\n<td>13444<\/td>\n<td>Concorrendo<\/td>\n<\/tr>\n<tr>\n<td>PIRI<\/td>\n<td>PT<\/td>\n<td>13444<\/td>\n<td>Concorrendo<\/td>\n<\/tr>\n<tr>\n<td>PPS<\/td>\n<td>PP<\/td>\n<td>11222<\/td>\n<td>Concorrendo<\/td>\n<\/tr>\n<tr>\n<td>PROFESSORA AI\u0301NDIA PEREIRA<\/td>\n<td>PSD<\/td>\n<td>55555<\/td>\n<td>Concorrendo<\/td>\n<\/tr>\n<tr>\n<td>RAFINHA DA RUA DA PALIA<\/td>\n<td>PODE<\/td>\n<td>20999<\/td>\n<td>Concorrendo<\/td>\n<\/tr>\n<tr>\n<td>RAIMUNDO DO SINDICATO<\/td>\n<td>PSD<\/td>\n<td>55222<\/td>\n<td>Concorrendo<\/td>\n<\/tr>\n<tr>\n<td>ROBERVAL SILVESTRE<\/td>\n<td>MDB<\/td>\n<td>15111<\/td>\n<td>Concorrendo<\/td>\n<\/tr>\n<tr>\n<td>ROBINHO DANTAS<\/td>\n<td>PODE<\/td>\n<td>20888<\/td>\n<td>Concorrendo<\/td>\n<\/tr>\n<tr>\n<td>SARA<\/td>\n<td>PSB<\/td>\n<td>40333<\/td>\n<td>Concorrendo<\/td>\n<\/tr>\n<tr>\n<td>SERGINHO<\/td>\n<td>PODE<\/td>\n<td>20000<\/td>\n<td>Concorrendo<\/td>\n<\/tr>\n<tr>\n<td>TONINHO DE QUIRRIPA<\/td>\n<td>PP<\/td>\n<td>11334<\/td>\n<td>Concorrendo<\/td>\n<\/tr>\n<tr>\n<td>TONINHO TIGRE<\/td>\n<td>PODE<\/td>\n<td>20666<\/td>\n<td>Concorrendo<\/td>\n<\/tr>\n<tr>\n<td>VEI DO SABA\u0303O<\/td>\n<td>AVANTE<\/td>\n<td>70666<\/td>\n<td>Concorrendo<\/td>\n<\/tr>\n<tr>\n<td>WAGUINHHO ELETRICISTA<\/td>\n<td>AVANTE<\/td>\n<td>70777<\/td>\n<td>Concorrendo<\/td>\n<\/tr>\n<tr>\n<td>WILIAM PEDREIRO<\/td>\n<td>PT<\/td>\n<td>13666<\/td>\n<td>Concorrendo<\/td>\n<\/tr>\n<tr>\n<td>WILIAM PEDREIRO<\/td>\n<td>PT<\/td>\n<td>13666<\/td>\n<td>Concorrendo<\/td>\n<\/tr>\n<tr>\n<td>ZEZA OU OZEAS GIGANTE<\/td>\n<td>PSB<\/td>\n<td>40000<\/td>\n<td>Concorrendo<\/td>\n<\/tr>\n<tr>\n<td>ZITINHA CAJA\u0301<\/td>\n<td>PC do B<\/td>\n<td>65555<\/td>\n<td>Concorrendo<\/td>\n<\/tr>\n<tr>\n<td>ZITINHA CAJA\u0301<\/td>\n<td>PC do B<\/td>\n<td>65555<\/td>\n<td>Concorrendo<\/td>\n<\/tr>\n<\/tbody>\n<\/table>\n<\/div>\n<\/div>\n<\/div>\n<div id=\"chunk-e23a0\">\n<div class=\"content-ads content-ads--reveal\" data-block-type=\"ads\" data-block-id=\"7\">\n<div id=\"banner_materia2\" class=\"tag-manager-publicidade-container mc-has-reveal mc-has-ad-lazyload tag-manager-publicidade-banner_materia2 tag-manager-publicidade-container--carregado tag-manager-publicidade-container--visivel\" data-id=\"banner_materia2\" data-google-query-id=\"CNbyyovMg4gDFS9OuAQdm4oArA\"><\/div>\n<\/div>\n<\/div>\n<\/div>\n","protected":false},"excerpt":{"rendered":"<p>Itarantim tem 3 candidatos a prefeito e 78\u00a0 candidatos a vereador registrados para disputar a elei\u00e7\u00e3o de 2024, segundo o que consta nos dados do Tribunal Superior Eleitoral (TSE). Esta mat\u00e9ria poder\u00e1 ser atualizada pois, at\u00e9 o dia da vota\u00e7\u00e3o, 6 de outubro, pode haver altera\u00e7\u00f5es nas listas de candidatos divulgadas pelo TSE. As listas de todos os candidatos est\u00e3o dispon\u00edveis abaixo, com os nomes e os n\u00fameros de urna, os partidos e as situa\u00e7\u00f5es de cada um (concorrendo ou inapto para concorrer). As ordens em que os candidatos aparecem nas listas abaixo s\u00e3o as mesmas utilizadas pelo TSE. Veja [&hellip;]<\/p>\n","protected":false},"author":4,"featured_media":160921,"comment_status":"open","ping_status":"open","sticky":false,"template":"","format":"standard","meta":[],"categories":[304],"tags":[1497,1780,140,385,440,188,593],"_links":{"self":[{"href":"https:\/\/www.cronicasdeitarantim.com.br\/v1\/wp-json\/wp\/v2\/posts\/166015"}],"collection":[{"href":"https:\/\/www.cronicasdeitarantim.com.br\/v1\/wp-json\/wp\/v2\/posts"}],"about":[{"href":"https:\/\/www.cronicasdeitarantim.com.br\/v1\/wp-json\/wp\/v2\/types\/post"}],"author":[{"embeddable":true,"href":"https:\/\/www.cronicasdeitarantim.com.br\/v1\/wp-json\/wp\/v2\/users\/4"}],"replies":[{"embeddable":true,"href":"https:\/\/www.cronicasdeitarantim.com.br\/v1\/wp-json\/wp\/v2\/comments?post=166015"}],"version-history":[{"count":5,"href":"https:\/\/www.cronicasdeitarantim.com.br\/v1\/wp-json\/wp\/v2\/posts\/166015\/revisions"}],"predecessor-version":[{"id":166021,"href":"https:\/\/www.cronicasdeitarantim.com.br\/v1\/wp-json\/wp\/v2\/posts\/166015\/revisions\/166021"}],"wp:featuredmedia":[{"embeddable":true,"href":"https:\/\/www.cronicasdeitarantim.com.br\/v1\/wp-json\/wp\/v2\/media\/160921"}],"wp:attachment":[{"href":"https:\/\/www.cronicasdeitarantim.com.br\/v1\/wp-json\/wp\/v2\/media?parent=166015"}],"wp:term":[{"taxonomy":"category","embeddable":true,"href":"https:\/\/www.cronicasdeitarantim.com.br\/v1\/wp-json\/wp\/v2\/categories?post=166015"},{"taxonomy":"post_tag","embeddable":true,"href":"https:\/\/www.cronicasdeitarantim.com.br\/v1\/wp-json\/wp\/v2\/tags?post=166015"}],"curies":[{"name":"wp","href":"https:\/\/api.w.org\/{rel}","templated":true}]}}