{"id":165927,"date":"2024-08-15T01:00:26","date_gmt":"2024-08-15T04:00:26","guid":{"rendered":"https:\/\/www.cronicasdeitarantim.com.br\/v1\/?p=165927"},"modified":"2024-08-15T01:00:26","modified_gmt":"2024-08-15T04:00:26","slug":"potiragua-nestor-duarte-declara-apoio-ao-pre-candidato-mauricio-portugal-em-reuniao-na-sua-propriedade","status":"publish","type":"post","link":"https:\/\/www.cronicasdeitarantim.com.br\/v1\/2024\/08\/15\/potiragua-nestor-duarte-declara-apoio-ao-pre-candidato-mauricio-portugal-em-reuniao-na-sua-propriedade\/","title":{"rendered":"Potiragu\u00e1: Nestor Duarte declara apoio ao pr\u00e9-candidato Maur\u00edcio Portugal em reuni\u00e3o na sua propriedade"},"content":{"rendered":"<p>Em uma demonstra\u00e7\u00e3o de for\u00e7a pol\u00edtica e apoio, o ex-deputado estadual e federal Nestor Duarte, que exerceu mandatos de 1983 a 1987 na Assembleia Legislativa da Bahia e de 1987 a 1999 na C\u00e2mara dos Deputados pelo Partido do Movimento Democr\u00e1tico Brasileiro (PMDB), recebeu em sua propriedade o pr\u00e9-candidato a prefeito de Potiragu\u00e1, Maur\u00edcio Portugal. O encontro, que contou tamb\u00e9m com a presen\u00e7a da pr\u00e9-candidata a vice-prefeita Cristina Brige e do l\u00edder pol\u00edtico Carlinhos de Daniel, ex-presidente da C\u00e2mara Municipal, foi marcado pela declara\u00e7\u00e3o de apoio de Duarte \u00e0 candidatura de Portugal.<\/p>\n<p>Durante a reuni\u00e3o, Nestor Duarte destacou a import\u00e2ncia de renovar a administra\u00e7\u00e3o municipal com lideran\u00e7as comprometidas com o desenvolvimento de Potiragu\u00e1. &#8220;Acredito que Maur\u00edcio Portugal e Cristina Brige t\u00eam o perfil ideal para conduzir o munic\u00edpio em um novo caminho de progresso e bem-estar para a popula\u00e7\u00e3o&#8221;, afirmou o ex-deputado, refor\u00e7ando sua confian\u00e7a no projeto pol\u00edtico apresentado pela dupla.<\/p>\n<p>O apoio de Nestor Duarte, figura respeitada na pol\u00edtica baiana e com uma longa trajet\u00f3ria de servi\u00e7os prestados \u00e0 sociedade, fortalece ainda mais a campanha de Maur\u00edcio Portugal, que tem conquistado importantes alian\u00e7as e se consolidado como um dos principais nomes na disputa pela prefeitura de Potiragu\u00e1.<\/p>\n","protected":false},"excerpt":{"rendered":"<p>Em uma demonstra\u00e7\u00e3o de for\u00e7a pol\u00edtica e apoio, o ex-deputado estadual e federal Nestor Duarte, que exerceu mandatos de 1983 a 1987 na Assembleia Legislativa da Bahia e de 1987 a 1999 na C\u00e2mara dos Deputados pelo Partido do Movimento Democr\u00e1tico Brasileiro (PMDB), recebeu em sua propriedade o pr\u00e9-candidato a prefeito de Potiragu\u00e1, Maur\u00edcio Portugal. O encontro, que contou tamb\u00e9m com a presen\u00e7a da pr\u00e9-candidata a vice-prefeita Cristina Brige e do l\u00edder pol\u00edtico Carlinhos de Daniel, ex-presidente da C\u00e2mara Municipal, foi marcado pela declara\u00e7\u00e3o de apoio de Duarte \u00e0 candidatura de Portugal. Durante a reuni\u00e3o, Nestor Duarte destacou a import\u00e2ncia [&hellip;]<\/p>\n","protected":false},"author":4,"featured_media":165928,"comment_status":"open","ping_status":"open","sticky":false,"template":"","format":"standard","meta":[],"categories":[304],"tags":[1780,1772,389,437],"_links":{"self":[{"href":"https:\/\/www.cronicasdeitarantim.com.br\/v1\/wp-json\/wp\/v2\/posts\/165927"}],"collection":[{"href":"https:\/\/www.cronicasdeitarantim.com.br\/v1\/wp-json\/wp\/v2\/posts"}],"about":[{"href":"https:\/\/www.cronicasdeitarantim.com.br\/v1\/wp-json\/wp\/v2\/types\/post"}],"author":[{"embeddable":true,"href":"https:\/\/www.cronicasdeitarantim.com.br\/v1\/wp-json\/wp\/v2\/users\/4"}],"replies":[{"embeddable":true,"href":"https:\/\/www.cronicasdeitarantim.com.br\/v1\/wp-json\/wp\/v2\/comments?post=165927"}],"version-history":[{"count":1,"href":"https:\/\/www.cronicasdeitarantim.com.br\/v1\/wp-json\/wp\/v2\/posts\/165927\/revisions"}],"predecessor-version":[{"id":165929,"href":"https:\/\/www.cronicasdeitarantim.com.br\/v1\/wp-json\/wp\/v2\/posts\/165927\/revisions\/165929"}],"wp:featuredmedia":[{"embeddable":true,"href":"https:\/\/www.cronicasdeitarantim.com.br\/v1\/wp-json\/wp\/v2\/media\/165928"}],"wp:attachment":[{"href":"https:\/\/www.cronicasdeitarantim.com.br\/v1\/wp-json\/wp\/v2\/media?parent=165927"}],"wp:term":[{"taxonomy":"category","embeddable":true,"href":"https:\/\/www.cronicasdeitarantim.com.br\/v1\/wp-json\/wp\/v2\/categories?post=165927"},{"taxonomy":"post_tag","embeddable":true,"href":"https:\/\/www.cronicasdeitarantim.com.br\/v1\/wp-json\/wp\/v2\/tags?post=165927"}],"curies":[{"name":"wp","href":"https:\/\/api.w.org\/{rel}","templated":true}]}}