{"id":165868,"date":"2024-08-12T21:48:17","date_gmt":"2024-08-13T00:48:17","guid":{"rendered":"https:\/\/www.cronicasdeitarantim.com.br\/v1\/?p=165868"},"modified":"2024-08-12T21:48:27","modified_gmt":"2024-08-13T00:48:27","slug":"regiao-sobrinho-e-preso-suspeito-de-matar-tio-em-cidade-da-regiao-sudoeste","status":"publish","type":"post","link":"https:\/\/www.cronicasdeitarantim.com.br\/v1\/2024\/08\/12\/regiao-sobrinho-e-preso-suspeito-de-matar-tio-em-cidade-da-regiao-sudoeste\/","title":{"rendered":"Regi\u00e3o: Sobrinho \u00e9 preso suspeito de matar tio em cidade da regi\u00e3o sudoeste"},"content":{"rendered":"<h4>Um homem foi preso suspeito de matar o tio ap\u00f3s uma briga no munic\u00edpio de Barra do Cho\u00e7a, no sudoeste da Bahia. O crime ocorreu no domingo (11), no distrito de Barra Nova. Segundo informa\u00e7\u00f5es da TV Sudoeste, afiliada da TV Bahia na regi\u00e3o, o suspeito atacou o familiar com golpes de fac\u00e3o. A Pol\u00edcia Militar acrescentou que os dois estavam alcoolizados no momento da agress\u00e3o.<\/h4>\n<div class=\"container-post\">\n<div class=\"entry-content\">\n<h4>A v\u00edtima foi identificada como Vanderlei dos Santos Almeida de Jesus, de 41 anos. O corpo dela foi levado para o Departamento de Pol\u00edcia T\u00e9cnica (DPT) para necropsia. J\u00e1 o suspeito foi encontrado pela pol\u00edcia na madrugada desta segunda-feira (12). Com ele, foi apreendido o fac\u00e3o usado no crime. O homem foi conduzido ao Distrito Integrado de Seguran\u00e7a P\u00fablica (Disep) e depois levado para o Conjunto Penal de Vit\u00f3ria da Conquista, na mesma regi\u00e3o.<\/h4>\n<\/div>\n<footer class=\"entry-footer\"><\/footer>\n<\/div>\n<div class=\"widget_text widget-image col-md-12\">\n<div class=\"textwidget custom-html-widget\">\n<h4 class=\"text-center\"><\/h4>\n<\/div>\n<\/div>\n","protected":false},"excerpt":{"rendered":"<p>Um homem foi preso suspeito de matar o tio ap\u00f3s uma briga no munic\u00edpio de Barra do Cho\u00e7a, no sudoeste da Bahia. O crime ocorreu no domingo (11), no distrito de Barra Nova. Segundo informa\u00e7\u00f5es da TV Sudoeste, afiliada da TV Bahia na regi\u00e3o, o suspeito atacou o familiar com golpes de fac\u00e3o. A Pol\u00edcia Militar acrescentou que os dois estavam alcoolizados no momento da agress\u00e3o. A v\u00edtima foi identificada como Vanderlei dos Santos Almeida de Jesus, de 41 anos. O corpo dela foi levado para o Departamento de Pol\u00edcia T\u00e9cnica (DPT) para necropsia. J\u00e1 o suspeito foi encontrado pela [&hellip;]<\/p>\n","protected":false},"author":4,"featured_media":165869,"comment_status":"open","ping_status":"open","sticky":false,"template":"","format":"standard","meta":[],"categories":[306],"tags":[1851,1780,485,434,444],"_links":{"self":[{"href":"https:\/\/www.cronicasdeitarantim.com.br\/v1\/wp-json\/wp\/v2\/posts\/165868"}],"collection":[{"href":"https:\/\/www.cronicasdeitarantim.com.br\/v1\/wp-json\/wp\/v2\/posts"}],"about":[{"href":"https:\/\/www.cronicasdeitarantim.com.br\/v1\/wp-json\/wp\/v2\/types\/post"}],"author":[{"embeddable":true,"href":"https:\/\/www.cronicasdeitarantim.com.br\/v1\/wp-json\/wp\/v2\/users\/4"}],"replies":[{"embeddable":true,"href":"https:\/\/www.cronicasdeitarantim.com.br\/v1\/wp-json\/wp\/v2\/comments?post=165868"}],"version-history":[{"count":2,"href":"https:\/\/www.cronicasdeitarantim.com.br\/v1\/wp-json\/wp\/v2\/posts\/165868\/revisions"}],"predecessor-version":[{"id":165871,"href":"https:\/\/www.cronicasdeitarantim.com.br\/v1\/wp-json\/wp\/v2\/posts\/165868\/revisions\/165871"}],"wp:featuredmedia":[{"embeddable":true,"href":"https:\/\/www.cronicasdeitarantim.com.br\/v1\/wp-json\/wp\/v2\/media\/165869"}],"wp:attachment":[{"href":"https:\/\/www.cronicasdeitarantim.com.br\/v1\/wp-json\/wp\/v2\/media?parent=165868"}],"wp:term":[{"taxonomy":"category","embeddable":true,"href":"https:\/\/www.cronicasdeitarantim.com.br\/v1\/wp-json\/wp\/v2\/categories?post=165868"},{"taxonomy":"post_tag","embeddable":true,"href":"https:\/\/www.cronicasdeitarantim.com.br\/v1\/wp-json\/wp\/v2\/tags?post=165868"}],"curies":[{"name":"wp","href":"https:\/\/api.w.org\/{rel}","templated":true}]}}