{"id":165811,"date":"2024-08-10T20:07:55","date_gmt":"2024-08-10T23:07:55","guid":{"rendered":"https:\/\/www.cronicasdeitarantim.com.br\/v1\/?p=165811"},"modified":"2024-08-10T20:07:55","modified_gmt":"2024-08-10T23:07:55","slug":"governo-lula-e-considerado-bom-ou-otimo-por-35-dos-eleitores-segundo-datafolha","status":"publish","type":"post","link":"https:\/\/www.cronicasdeitarantim.com.br\/v1\/2024\/08\/10\/governo-lula-e-considerado-bom-ou-otimo-por-35-dos-eleitores-segundo-datafolha\/","title":{"rendered":"Governo Lula \u00e9 considerado bom ou \u00f3timo por 35% dos eleitores segundo Datafolha"},"content":{"rendered":"<p>Em uma nova pesquisa Datafolha divulgada na noite de sexta-feira (9), o governo do presidente Luiz In\u00e1cio Lula da Silva \u00e9 considerado bom ou \u00f3timo por 35% dos eleitores &#8211; mantendo o mesmo \u00edndice do levantamento anterior, divulgado no dia 3 de agosto, como informou o portal Metro1. Outros 36% avaliam o governo como ruim ou p\u00e9ssimo; 28% consideram regular e 1% afirmaram que n\u00e3o sabem responder.<\/p>\n<p>Apesar da propor\u00e7\u00e3o de eleitores que consideram o governo bom ou \u00f3timo ter ficado praticamente est\u00e1vel na compara\u00e7\u00e3o com a pesquisa de julho, quando essa avalia\u00e7\u00e3o foi de 34%, apresentou-se abaixo do resultado de agosto do ano passado, quando chegou a 45%. J\u00e1 a classifica\u00e7\u00e3o de ruim ou p\u00e9ssimo era de 34% em julho deste ano e de 25% em agosto de 2023.<\/p>\n<p>A pesquisa Datafolha foi realizada com 1.092 eleitores na cidade de S\u00e3o Paulo e tem margem de erro de tr\u00eas pontos porcentuais, dentro do n\u00edvel de confian\u00e7a de 95%.<\/p>\n","protected":false},"excerpt":{"rendered":"<p>Em uma nova pesquisa Datafolha divulgada na noite de sexta-feira (9), o governo do presidente Luiz In\u00e1cio Lula da Silva \u00e9 considerado bom ou \u00f3timo por 35% dos eleitores &#8211; mantendo o mesmo \u00edndice do levantamento anterior, divulgado no dia 3 de agosto, como informou o portal Metro1. Outros 36% avaliam o governo como ruim ou p\u00e9ssimo; 28% consideram regular e 1% afirmaram que n\u00e3o sabem responder. Apesar da propor\u00e7\u00e3o de eleitores que consideram o governo bom ou \u00f3timo ter ficado praticamente est\u00e1vel na compara\u00e7\u00e3o com a pesquisa de julho, quando essa avalia\u00e7\u00e3o foi de 34%, apresentou-se abaixo do resultado [&hellip;]<\/p>\n","protected":false},"author":4,"featured_media":165812,"comment_status":"open","ping_status":"open","sticky":false,"template":"","format":"standard","meta":[],"categories":[296],"tags":[433,1780,111,189,219,699],"_links":{"self":[{"href":"https:\/\/www.cronicasdeitarantim.com.br\/v1\/wp-json\/wp\/v2\/posts\/165811"}],"collection":[{"href":"https:\/\/www.cronicasdeitarantim.com.br\/v1\/wp-json\/wp\/v2\/posts"}],"about":[{"href":"https:\/\/www.cronicasdeitarantim.com.br\/v1\/wp-json\/wp\/v2\/types\/post"}],"author":[{"embeddable":true,"href":"https:\/\/www.cronicasdeitarantim.com.br\/v1\/wp-json\/wp\/v2\/users\/4"}],"replies":[{"embeddable":true,"href":"https:\/\/www.cronicasdeitarantim.com.br\/v1\/wp-json\/wp\/v2\/comments?post=165811"}],"version-history":[{"count":1,"href":"https:\/\/www.cronicasdeitarantim.com.br\/v1\/wp-json\/wp\/v2\/posts\/165811\/revisions"}],"predecessor-version":[{"id":165813,"href":"https:\/\/www.cronicasdeitarantim.com.br\/v1\/wp-json\/wp\/v2\/posts\/165811\/revisions\/165813"}],"wp:featuredmedia":[{"embeddable":true,"href":"https:\/\/www.cronicasdeitarantim.com.br\/v1\/wp-json\/wp\/v2\/media\/165812"}],"wp:attachment":[{"href":"https:\/\/www.cronicasdeitarantim.com.br\/v1\/wp-json\/wp\/v2\/media?parent=165811"}],"wp:term":[{"taxonomy":"category","embeddable":true,"href":"https:\/\/www.cronicasdeitarantim.com.br\/v1\/wp-json\/wp\/v2\/categories?post=165811"},{"taxonomy":"post_tag","embeddable":true,"href":"https:\/\/www.cronicasdeitarantim.com.br\/v1\/wp-json\/wp\/v2\/tags?post=165811"}],"curies":[{"name":"wp","href":"https:\/\/api.w.org\/{rel}","templated":true}]}}