{"id":165713,"date":"2024-08-06T13:55:27","date_gmt":"2024-08-06T16:55:27","guid":{"rendered":"https:\/\/www.cronicasdeitarantim.com.br\/v1\/?p=165713"},"modified":"2024-08-06T13:55:27","modified_gmt":"2024-08-06T16:55:27","slug":"cacique-do-mdb-ex-ministro-geddel-diz-que-politica-da-bahia-e-suruba-apos-alianca-entre-pt-e-ex-carlista","status":"publish","type":"post","link":"https:\/\/www.cronicasdeitarantim.com.br\/v1\/2024\/08\/06\/cacique-do-mdb-ex-ministro-geddel-diz-que-politica-da-bahia-e-suruba-apos-alianca-entre-pt-e-ex-carlista\/","title":{"rendered":"Cacique do MDB ex-ministro Geddel diz que pol\u00edtica da Bahia \u00e9 \u2018suruba\u2019 ap\u00f3s alian\u00e7a entre PT e ex-carlista"},"content":{"rendered":"<p>O ex-ministro Geddel Vieira Lima recha\u00e7ou a alian\u00e7a feita entre o Partido dos Trabalhadores (PT) com a\u00a0ex-carlista hist\u00f3ria, Tonha Magalh\u00e3es (Avante), para ser vice de Marivalda\u00a0na disputa pela prefeitura de Candeias. O pol\u00edtico classificou a uni\u00e3o, anunciada nesta semana, como uma \u201cgrande e feia suruba\u201d na pol\u00edtica baiana.<\/p>\n<p>\u201c\u00c9 indescrit\u00edvel o apre\u00e7o que tenho por minha amiga @aliceportugal , mas essa alian\u00e7a entre minha amiga Tonha Magalh\u00e3es e o PT em Candeias confirma o que tenho dito: a pol\u00edtica na Bahia virou uma grande e feia suruba. \u00c9 esse o termo mesmo. O que eu estou vendo acontecer pelo interior \u00e9 com o aval das c\u00fapulas partid\u00e1rias n\u00e3o \u00e9 pragmatismo, \u00e9 suruba\u201d, disse Geddel em seu Instagram.<\/p>\n<p>O posicionamento de Geddel ocorre ap\u00f3s a deputada federal Alice Portugal exaltar a ex-carlista para a chapa petista em Candeias no evento que sacramentou o nome da m\u00e3e do\u00a0secret\u00e1rio de Promo\u00e7\u00e3o Social, Combate \u00e0 Pobreza, Esportes e Lazer (Sempre) de Bruno reis, J\u00fanior Magalh\u00e3es, na segunda-feira (9).<\/p>\n<p>\u201cIsso destr\u00f3i lealdades, acaba [com] compromissos e vai cobrando pre\u00e7os. Parem com esse debate rid\u00edculo de direita e esquerda. Estamos diante de tantas \u2018alian\u00e7as program\u00e1ticas\u2019 pipocando que esse debate fica ris\u00edvel [\u2026] Viva a grande suruba que virou a pol\u00edtica baiana, onde quem perde ganha, quem ganha perde e por isso mesmo ningu\u00e9m \u00e9 de ningu\u00e9m\u201d, acrescentou Geddel.<\/p>\n<blockquote class=\"instagram-media\" data-instgrm-captioned=\"\" data-instgrm-permalink=\"https:\/\/www.instagram.com\/p\/C-U9fkrp-ra\/?utm_source=ig_embed&amp;utm_campaign=loading\" data-instgrm-version=\"14\">\n<div><\/div>\n<\/blockquote>\n","protected":false},"excerpt":{"rendered":"<p>O ex-ministro Geddel Vieira Lima recha\u00e7ou a alian\u00e7a feita entre o Partido dos Trabalhadores (PT) com a\u00a0ex-carlista hist\u00f3ria, Tonha Magalh\u00e3es (Avante), para ser vice de Marivalda\u00a0na disputa pela prefeitura de Candeias. O pol\u00edtico classificou a uni\u00e3o, anunciada nesta semana, como uma \u201cgrande e feia suruba\u201d na pol\u00edtica baiana. \u201c\u00c9 indescrit\u00edvel o apre\u00e7o que tenho por minha amiga @aliceportugal , mas essa alian\u00e7a entre minha amiga Tonha Magalh\u00e3es e o PT em Candeias confirma o que tenho dito: a pol\u00edtica na Bahia virou uma grande e feia suruba. \u00c9 esse o termo mesmo. O que eu estou vendo acontecer pelo interior [&hellip;]<\/p>\n","protected":false},"author":4,"featured_media":165714,"comment_status":"open","ping_status":"open","sticky":false,"template":"","format":"standard","meta":[],"categories":[295],"tags":[76,1780,572,389],"_links":{"self":[{"href":"https:\/\/www.cronicasdeitarantim.com.br\/v1\/wp-json\/wp\/v2\/posts\/165713"}],"collection":[{"href":"https:\/\/www.cronicasdeitarantim.com.br\/v1\/wp-json\/wp\/v2\/posts"}],"about":[{"href":"https:\/\/www.cronicasdeitarantim.com.br\/v1\/wp-json\/wp\/v2\/types\/post"}],"author":[{"embeddable":true,"href":"https:\/\/www.cronicasdeitarantim.com.br\/v1\/wp-json\/wp\/v2\/users\/4"}],"replies":[{"embeddable":true,"href":"https:\/\/www.cronicasdeitarantim.com.br\/v1\/wp-json\/wp\/v2\/comments?post=165713"}],"version-history":[{"count":1,"href":"https:\/\/www.cronicasdeitarantim.com.br\/v1\/wp-json\/wp\/v2\/posts\/165713\/revisions"}],"predecessor-version":[{"id":165715,"href":"https:\/\/www.cronicasdeitarantim.com.br\/v1\/wp-json\/wp\/v2\/posts\/165713\/revisions\/165715"}],"wp:featuredmedia":[{"embeddable":true,"href":"https:\/\/www.cronicasdeitarantim.com.br\/v1\/wp-json\/wp\/v2\/media\/165714"}],"wp:attachment":[{"href":"https:\/\/www.cronicasdeitarantim.com.br\/v1\/wp-json\/wp\/v2\/media?parent=165713"}],"wp:term":[{"taxonomy":"category","embeddable":true,"href":"https:\/\/www.cronicasdeitarantim.com.br\/v1\/wp-json\/wp\/v2\/categories?post=165713"},{"taxonomy":"post_tag","embeddable":true,"href":"https:\/\/www.cronicasdeitarantim.com.br\/v1\/wp-json\/wp\/v2\/tags?post=165713"}],"curies":[{"name":"wp","href":"https:\/\/api.w.org\/{rel}","templated":true}]}}